{"id":2368,"date":"2026-09-02T14:00:40","date_gmt":"2026-09-02T12:00:40","guid":{"rendered":"https:\/\/opiekaseniora.pl\/centrum-wiedzy\/?p=2368"},"modified":"2026-09-02T14:03:36","modified_gmt":"2026-09-02T12:03:36","slug":"depresja-nie-zawsze-oznacza-smutek-jak-zauwazyc-ze-senior-potrzebuje-pomocy","status":"publish","type":"post","link":"https:\/\/opiekaseniora.pl\/centrum-wiedzy\/depresja-nie-zawsze-oznacza-smutek-jak-zauwazyc-ze-senior-potrzebuje-pomocy\/","title":{"rendered":"Depresja nie zawsze oznacza smutek &#8211; jak zauwa\u017cy\u0107, \u017ce senior potrzebuje pomocy?"},"content":{"rendered":"\n<p class=\"wp-block-paragraph\"><strong>Depresja u senior\u00f3w nie zawsze objawia si\u0119 wyra\u017anym smutkiem. Czasem bardziej niepokoj\u0105 dra\u017cliwo\u015b\u0107, brak energii, rezygnowanie z codziennych aktywno\u015bci albo stopniowe wycofywanie si\u0119 z kontakt\u00f3w z bliskimi. Uwa\u017cna obserwacja mo\u017ce mie\u0107 du\u017ce znaczenie dla zdrowia i bezpiecze\u0144stwa osoby starszej.<\/strong><\/p>\n\n\n\n<p class=\"wp-block-paragraph\">Depresj\u0119 w p\u00f3\u017aniejszym wieku \u0142atwo przeoczy\u0107, poniewa\u017c cz\u0119\u015b\u0107 jej objaw\u00f3w przypomina skutki chor\u00f3b przewlek\u0142ych, os\u0142abienia lub zmian kojarzonych ze starzeniem. Senior r\u00f3wnie\u017c nie zawsze m\u00f3wi wprost o pogorszeniu samopoczucia ani sam nie szuka pomocy.<\/p>\n\n\n\n<div id=\"ez-toc-container\" class=\"ez-toc-v2_0_81 counter-hierarchy ez-toc-counter ez-toc-transparent ez-toc-container-direction\">\n<div class=\"ez-toc-title-container\">\n<p class=\"ez-toc-title\" style=\"cursor:inherit\">Spis tre\u015bci<\/p>\n<span class=\"ez-toc-title-toggle\"><\/span><\/div>\n<nav><ul class='ez-toc-list ez-toc-list-level-1 ' ><li class='ez-toc-page-1 ez-toc-heading-level-2'><a class=\"ez-toc-link ez-toc-heading-1\" href=\"https:\/\/opiekaseniora.pl\/centrum-wiedzy\/depresja-nie-zawsze-oznacza-smutek-jak-zauwazyc-ze-senior-potrzebuje-pomocy\/#Depresja_u_seniorow_ma_wiele_przyczyn_%E2%80%93_co_zwieksza_ryzyko\" >Depresja u senior\u00f3w ma wiele przyczyn \u2013 co zwi\u0119ksza ryzyko?<\/a><\/li><li class='ez-toc-page-1 ez-toc-heading-level-2'><a class=\"ez-toc-link ez-toc-heading-2\" href=\"https:\/\/opiekaseniora.pl\/centrum-wiedzy\/depresja-nie-zawsze-oznacza-smutek-jak-zauwazyc-ze-senior-potrzebuje-pomocy\/#Jak_rozpoznac_depresje_u_bliskiego\" >Jak rozpozna\u0107 depresj\u0119 u bliskiego?<\/a><ul class='ez-toc-list-level-3' ><li class='ez-toc-heading-level-3'><a class=\"ez-toc-link ez-toc-heading-3\" href=\"https:\/\/opiekaseniora.pl\/centrum-wiedzy\/depresja-nie-zawsze-oznacza-smutek-jak-zauwazyc-ze-senior-potrzebuje-pomocy\/#Zmiana_zachowania_seniora_moze_powiedziec_wiecej_niz_jego_slowa\" >Zmiana zachowania seniora mo\u017ce powiedzie\u0107 wi\u0119cej ni\u017c jego s\u0142owa<\/a><\/li><li class='ez-toc-page-1 ez-toc-heading-level-3'><a class=\"ez-toc-link ez-toc-heading-4\" href=\"https:\/\/opiekaseniora.pl\/centrum-wiedzy\/depresja-nie-zawsze-oznacza-smutek-jak-zauwazyc-ze-senior-potrzebuje-pomocy\/#Depresja_a_demencja_Podobne_objawy_nie_oznaczaja_tej_samej_choroby\" >Depresja a demencja. Podobne objawy nie oznaczaj\u0105 tej samej choroby<\/a><\/li><\/ul><\/li><li class='ez-toc-page-1 ez-toc-heading-level-2'><a class=\"ez-toc-link ez-toc-heading-5\" href=\"https:\/\/opiekaseniora.pl\/centrum-wiedzy\/depresja-nie-zawsze-oznacza-smutek-jak-zauwazyc-ze-senior-potrzebuje-pomocy\/#Dlaczego_depresja_u_seniorow_wymaga_leczenia\" >Dlaczego depresja u senior\u00f3w wymaga leczenia?<\/a><\/li><li class='ez-toc-page-1 ez-toc-heading-level-2'><a class=\"ez-toc-link ez-toc-heading-6\" href=\"https:\/\/opiekaseniora.pl\/centrum-wiedzy\/depresja-nie-zawsze-oznacza-smutek-jak-zauwazyc-ze-senior-potrzebuje-pomocy\/#Diagnostyka_i_leczenie\" >Diagnostyka i leczenie<\/a><ul class='ez-toc-list-level-3' ><li class='ez-toc-heading-level-3'><a class=\"ez-toc-link ez-toc-heading-7\" href=\"https:\/\/opiekaseniora.pl\/centrum-wiedzy\/depresja-nie-zawsze-oznacza-smutek-jak-zauwazyc-ze-senior-potrzebuje-pomocy\/#Leczenie_to_nie_tylko_leki\" >Leczenie to nie tylko leki<\/a><\/li><li class='ez-toc-page-1 ez-toc-heading-level-3'><a class=\"ez-toc-link ez-toc-heading-8\" href=\"https:\/\/opiekaseniora.pl\/centrum-wiedzy\/depresja-nie-zawsze-oznacza-smutek-jak-zauwazyc-ze-senior-potrzebuje-pomocy\/#Rodzina_i_opiekun_moga_zauwazyc_zmiane_jako_pierwsi\" >Rodzina i opiekun mog\u0105 zauwa\u017cy\u0107 zmian\u0119 jako pierwsi<\/a><\/li><\/ul><\/li><li class='ez-toc-page-1 ez-toc-heading-level-2'><a class=\"ez-toc-link ez-toc-heading-9\" href=\"https:\/\/opiekaseniora.pl\/centrum-wiedzy\/depresja-nie-zawsze-oznacza-smutek-jak-zauwazyc-ze-senior-potrzebuje-pomocy\/#Najwazniejsze_informacje_w_pigulce\" >Najwa\u017cniejsze informacje w pigu\u0142ce<\/a><\/li><li class='ez-toc-page-1 ez-toc-heading-level-2'><a class=\"ez-toc-link ez-toc-heading-10\" href=\"https:\/\/opiekaseniora.pl\/centrum-wiedzy\/depresja-nie-zawsze-oznacza-smutek-jak-zauwazyc-ze-senior-potrzebuje-pomocy\/#Bibliografia\" >Bibliografia<\/a><\/li><\/ul><\/nav><\/div>\n<h2 id=\"depresja-u-seniorow-ma-wiele-przyczyn-co-zwieksza-ryzyko\" class=\"wp-block-heading\"><span class=\"ez-toc-section\" id=\"Depresja_u_seniorow_ma_wiele_przyczyn_%E2%80%93_co_zwieksza_ryzyko\"><\/span><strong>Depresja u senior\u00f3w ma wiele przyczyn \u2013 co zwi\u0119ksza ryzyko?<\/strong><span class=\"ez-toc-section-end\"><\/span><\/h2>\n\n\n\n<p class=\"wp-block-paragraph\">Depresja u senior\u00f3w rzadko ma jedn\u0105 przyczyn\u0119. Na samopoczucie osoby starszej mog\u0105 wp\u0142ywa\u0107 jednocze\u015bnie choroby, b\u00f3l, ograniczona sprawno\u015b\u0107, samotno\u015b\u0107 i utrata dotychczasowej aktywno\u015bci. Ka\u017cdy z tych problem\u00f3w mo\u017ce obni\u017ca\u0107 jako\u015b\u0107 \u017cycia i ogranicza\u0107 samodzielno\u015b\u0107.<\/p>\n\n\n\n<p class=\"wp-block-paragraph\">Z perspektywy rodziny \u0142atwo pomy\u015ble\u0107: \u201emama jest mniej aktywna, bo si\u0119 starzeje\u201d albo \u201etata przesta\u0142 wychodzi\u0107, bo boli go kolano\u201d. Tymczasem pogorszenie zdrowia fizycznego mo\u017ce sprzyja\u0107 depresji, a depresja mo\u017ce dodatkowo nasila\u0107 odczuwanie dolegliwo\u015bci i niech\u0119\u0107 do dzia\u0142ania.<\/p>\n\n\n\n<p class=\"wp-block-paragraph\">Znaczenie maj\u0105 tak\u017ce wi\u0119ksze zmiany w \u017cyciu. Utrata bliskiej osoby, przej\u015bcie na emerytur\u0119 czy poczucie, \u017ce jest si\u0119 mniej potrzebnym, mog\u0105 pogarsza\u0107 nastr\u00f3j seniora. Szczeg\u00f3lnej uwagi wymagaj\u0105 sytuacje, w kt\u00f3rych kilka takich problem\u00f3w pojawia si\u0119 jednocze\u015bnie. Nie oznacza to jeszcze depresji, ale jest powodem, by uwa\u017cniej obserwowa\u0107 blisk\u0105 osob\u0119.<\/p>\n\n\n\n<p class=\"wp-block-paragraph\">Te rzeczy zwi\u0119kszaj\u0105 ryzyko pojawienia si\u0119 depresji:<\/p>\n\n\n\n<ul class=\"wp-block-list\">\n<li>przewlek\u0142a choroba, b\u00f3l i coraz wi\u0119ksze ograniczenie sprawno\u015bci<\/li>\n\n\n\n<li>choroby neurologiczne, sercowo-naczyniowe, endokrynologiczne lub metaboliczne<\/li>\n\n\n\n<li>przyjmowanie niekt\u00f3rych lek\u00f3w,<\/li>\n\n\n\n<li>utrata bliskiej osoby albo znacz\u0105ca zmiana dotychczasowej roli \u017cyciowej<\/li>\n\n\n\n<li>samotno\u015b\u0107, ograniczenie kontakt\u00f3w z bliskimi,<\/li>\n\n\n\n<li>poczucie bezradno\u015bci, mniejszej kontroli nad w\u0142asnym \u017cyciem lub bycia niepotrzebnym<\/li>\n<\/ul>\n\n\n\n<p class=\"wp-block-paragraph\"><strong>Czytaj te\u017c: <a href=\"https:\/\/opiekaseniora.pl\/centrum-wiedzy\/samotnosc-taty-wplywa-nie-tylko-na-jego-nastroj-ale-tez-zdrowie-sprawdz-jak-temu-zapobiec\/\">Samotno\u015b\u0107&nbsp;taty wp\u0142ywa nie tylko na jego nastr\u00f3j, ale te\u017c zdrowie.&nbsp;Sprawd\u017a,&nbsp;jak temu zapobiec!<\/a><\/strong><\/p>\n\n\n\n<figure class=\"wp-block-image size-full\"><img loading=\"lazy\" decoding=\"async\" width=\"1080\" height=\"565\" src=\"https:\/\/opiekaseniora.pl\/centrum-wiedzy\/wp-content\/uploads\/sites\/4\/2026\/09\/Baza-zdjec-na-WP-2026-09-02T134224.173.png\" alt=\"Depresja u senior\u00f3w - objawy, przyczyny i leczenie\" class=\"wp-image-2375\" srcset=\"https:\/\/opiekaseniora.pl\/centrum-wiedzy\/wp-content\/uploads\/sites\/4\/2026\/09\/Baza-zdjec-na-WP-2026-09-02T134224.173.png 1080w, https:\/\/opiekaseniora.pl\/centrum-wiedzy\/wp-content\/uploads\/sites\/4\/2026\/09\/Baza-zdjec-na-WP-2026-09-02T134224.173-119x62.png 119w, https:\/\/opiekaseniora.pl\/centrum-wiedzy\/wp-content\/uploads\/sites\/4\/2026\/09\/Baza-zdjec-na-WP-2026-09-02T134224.173-90x47.png 90w, https:\/\/opiekaseniora.pl\/centrum-wiedzy\/wp-content\/uploads\/sites\/4\/2026\/09\/Baza-zdjec-na-WP-2026-09-02T134224.173-319x167.png 319w, https:\/\/opiekaseniora.pl\/centrum-wiedzy\/wp-content\/uploads\/sites\/4\/2026\/09\/Baza-zdjec-na-WP-2026-09-02T134224.173-558x292.png 558w\" sizes=\"auto, (max-width: 1080px) 100vw, 1080px\" \/><figcaption class=\"wp-element-caption\">Depresja u mamy, fot. Canva<\/figcaption><\/figure>\n\n\n\n<h2 id=\"jak-rozpoznac-depresje-u-bliskiego\" class=\"wp-block-heading\"><span class=\"ez-toc-section\" id=\"Jak_rozpoznac_depresje_u_bliskiego\"><\/span><strong>Jak rozpozna\u0107 depresj\u0119 u bliskiego?<\/strong><span class=\"ez-toc-section-end\"><\/span><\/h2>\n\n\n\n<p class=\"wp-block-paragraph\">Co, je\u015bli Tw\u00f3j tata nie m\u00f3wi, \u017ce jest smutny, ale cz\u0119\u015bciej si\u0119 z\u0142o\u015bci lub denerwuje? Co, je\u015bli babcia m\u00f3wi, \u017ce wszystko jest dobrze, ale przestaje odbiera\u0107 telefony i nie chce spotyka\u0107 si\u0119 z bliskimi? Tak r\u00f3wnie\u017c mo\u017ce wygl\u0105da\u0107 depresja u seniora.<\/p>\n\n\n\n<p class=\"wp-block-paragraph\">Depresja u osoby starszej mo\u017ce powodowa\u0107 smutek i brak rado\u015bci z rzeczy, kt\u00f3re wcze\u015bniej sprawia\u0142y przyjemno\u015b\u0107. Senior mo\u017ce mie\u0107 te\u017c mniej energii, problemy ze snem, mniejszy apetyt i trudno\u015bci z podejmowaniem decyzji. Czasem pojawiaj\u0105 si\u0119 r\u00f3wnie\u017c problemy z pami\u0119ci\u0105 i koncentracj\u0105, pesymistyczne my\u015bli, rezygnacja oraz cz\u0119ste skargi na zdrowie.<\/p>\n\n\n\n<h3 id=\"zmiana-zachowania-seniora-moze-powiedziec-wiecej-niz-jego-slowa\" class=\"wp-block-heading\"><span class=\"ez-toc-section\" id=\"Zmiana_zachowania_seniora_moze_powiedziec_wiecej_niz_jego_slowa\"><\/span><strong>Zmiana zachowania seniora mo\u017ce powiedzie\u0107 wi\u0119cej ni\u017c jego s\u0142owa<\/strong><span class=\"ez-toc-section-end\"><\/span><\/h3>\n\n\n\n<p class=\"wp-block-paragraph\">Por\u00f3wnaj zachowanie bliskiej osoby z tym, jaka by\u0142a wcze\u015bniej. Je\u015bli dziadek zawsze chodzi\u0142 na spacery, a teraz przez kilka dni nie chce wychodzi\u0107, mo\u017ce to by\u0107 sygna\u0142, \u017ce co\u015b si\u0119 zmieni\u0142o. Babcia mo\u017ce te\u017c przesta\u0107 ogl\u0105da\u0107 ulubiony program, wykonywa\u0107 swoje hobby albo spotyka\u0107 si\u0119 z rodzin\u0105. Jedna taka sytuacja nie oznacza jeszcze depresji. Je\u015bli jednak takich zmian jest wi\u0119cej i trwaj\u0105 d\u0142u\u017cej, warto uwa\u017cniej obserwowa\u0107 seniora.<\/p>\n\n\n\n<p class=\"wp-block-paragraph\">Na co zwr\u00f3ci\u0107 uwag\u0119? Nie po to, aby samodzielnie rozpozna\u0107 depresj\u0119, ale \u017ceby wiedzie\u0107, kiedy porozmawia\u0107 z blisk\u0105 osob\u0105 i skonsultowa\u0107 si\u0119 ze specjalist\u0105.<\/p>\n\n\n\n<ul class=\"wp-block-list\">\n<li>senior wycofuje si\u0119 z kontakt\u00f3w z rodzin\u0105 i znajomymi<\/li>\n\n\n\n<li>traci zainteresowanie rzeczami, kt\u00f3re dotychczas sprawia\u0142y mu przyjemno\u015b\u0107<\/li>\n\n\n\n<li>ma wyra\u017anie mniej energii i coraz trudniej mobilizuje si\u0119 do dzia\u0142ania<\/li>\n\n\n\n<li>staje si\u0119 bardziej dra\u017cliwy, l\u0119kowy lub niespokojny<\/li>\n\n\n\n<li>gorzej \u015bpi albo przeciwnie, jest nadmiernie senny<\/li>\n\n\n\n<li>traci apetyt, wyra\u017anie chudnie albo zmienia swoje dotychczasowe nawyki<\/li>\n\n\n\n<li>m\u00f3wi o rezygnacji albo \u015bmierci<\/li>\n\n\n\n<li>ma problemy z koncentracj\u0105, pami\u0119ci\u0105 i podejmowaniem prostych decyzji<\/li>\n<\/ul>\n\n\n\n<figure class=\"wp-block-image size-full\"><img loading=\"lazy\" decoding=\"async\" width=\"1080\" height=\"565\" src=\"https:\/\/opiekaseniora.pl\/centrum-wiedzy\/wp-content\/uploads\/sites\/4\/2026\/09\/Baza-zdjec-na-WP-2026-09-02T135506.033.png\" alt=\"Depresja u senior\u00f3w - objawy, przyczyny i leczenie\" class=\"wp-image-2379\" srcset=\"https:\/\/opiekaseniora.pl\/centrum-wiedzy\/wp-content\/uploads\/sites\/4\/2026\/09\/Baza-zdjec-na-WP-2026-09-02T135506.033.png 1080w, https:\/\/opiekaseniora.pl\/centrum-wiedzy\/wp-content\/uploads\/sites\/4\/2026\/09\/Baza-zdjec-na-WP-2026-09-02T135506.033-119x62.png 119w, https:\/\/opiekaseniora.pl\/centrum-wiedzy\/wp-content\/uploads\/sites\/4\/2026\/09\/Baza-zdjec-na-WP-2026-09-02T135506.033-90x47.png 90w, https:\/\/opiekaseniora.pl\/centrum-wiedzy\/wp-content\/uploads\/sites\/4\/2026\/09\/Baza-zdjec-na-WP-2026-09-02T135506.033-319x167.png 319w, https:\/\/opiekaseniora.pl\/centrum-wiedzy\/wp-content\/uploads\/sites\/4\/2026\/09\/Baza-zdjec-na-WP-2026-09-02T135506.033-558x292.png 558w\" sizes=\"auto, (max-width: 1080px) 100vw, 1080px\" \/><figcaption class=\"wp-element-caption\">Objawy depresji, fot. Canva<\/figcaption><\/figure>\n\n\n\n<h3 id=\"depresja-a-demencja-podobne-objawy-nie-oznaczaja-tej-samej-choroby\" class=\"wp-block-heading\"><span class=\"ez-toc-section\" id=\"Depresja_a_demencja_Podobne_objawy_nie_oznaczaja_tej_samej_choroby\"><\/span><strong>Depresja a demencja. Podobne objawy nie oznaczaj\u0105 tej samej choroby<\/strong><span class=\"ez-toc-section-end\"><\/span><\/h3>\n\n\n\n<p class=\"wp-block-paragraph\">Problemy z pami\u0119ci\u0105 i koncentracj\u0105 mog\u0105 pojawi\u0107 si\u0119 zar\u00f3wno przy depresji, jak i przy demencji. Na podstawie kilku objaw\u00f3w trudno jednak stwierdzi\u0107, co jest ich przyczyn\u0105. Dlatego warto skonsultowa\u0107 si\u0119 z lekarzem i dok\u0142adnie sprawdzi\u0107 stan zdrowia seniora.<\/p>\n\n\n\n<p class=\"wp-block-paragraph\">Podczas diagnozy lekarz powinien wzi\u0105\u0107 pod uwag\u0119 tak\u017ce inne choroby, na przyk\u0142ad problemy z tarczyc\u0105, choroby neurologiczne, serca. Znaczenie mog\u0105 mie\u0107 r\u00f3wnie\u017c przyjmowane leki.<\/p>\n\n\n\n<p class=\"wp-block-paragraph\">Zmiana nastroju mo\u017ce by\u0107 zwi\u0105zana z chorob\u0105 fizyczn\u0105, wynika\u0107 z niej albo dodatkowo pogarsza\u0107 codzienne funkcjonowanie. Nie nale\u017cy wi\u0119c t\u0142umaczy\u0107 wszystkich objaw\u00f3w wy\u0142\u0105cznie wiekiem ani zak\u0142ada\u0107, \u017ce maj\u0105 tylko pod\u0142o\u017ce psychiczne.<\/p>\n\n\n\n<p class=\"wp-block-paragraph\"><strong>Czytaj te\u017c: <a href=\"https:\/\/opiekaseniora.pl\/centrum-wiedzy\/twoja-mama-zapomniala-o-spotkaniu-a-potem-o-drodze-do-domu-czy-to-juz-demencja\/\">Twoja mama zapomnia\u0142a o spotkaniu\u2026 a potem o drodze do domu \u2013 czy to ju\u017c demencja?<\/a><\/strong><\/p>\n\n\n\n<h2 id=\"dlaczego-depresja-u-seniorow-wymaga-leczenia\" class=\"wp-block-heading\"><span class=\"ez-toc-section\" id=\"Dlaczego_depresja_u_seniorow_wymaga_leczenia\"><\/span><strong>Dlaczego depresja u senior\u00f3w wymaga leczenia?<\/strong><span class=\"ez-toc-section-end\"><\/span><\/h2>\n\n\n\n<p class=\"wp-block-paragraph\">Zdanie \u201ew tym wieku ka\u017cdy ma powody do smutku\u201d mo\u017ce sprawi\u0107, \u017ce rodzina zbyt p\u00f3\u017ano zauwa\u017cy problem. Depresja u seniora wp\u0142ywa nie tylko na samopoczucie. Mo\u017ce te\u017c pogarsza\u0107 relacje z innymi, ogranicza\u0107 codzienn\u0105 aktywno\u015b\u0107 i utrudnia\u0107 leczenie innych chor\u00f3b. Senior, kt\u00f3ry traci motywacj\u0119, mo\u017ce mie\u0107 coraz mniej si\u0142y, aby przyjmowa\u0107 leki, je\u015b\u0107, rusza\u0107 si\u0119 i spotyka\u0107 z bliskimi.<\/p>\n\n\n\n<p class=\"wp-block-paragraph\">Z zewn\u0105trz mo\u017ce wygl\u0105da\u0107 to tak, jakby tata \u201eprzesta\u0142 o siebie dba\u0107\u201d, a babcia \u201eniczego ju\u017c si\u0119 nie chcia\u0142o\u201d. Nie warto jednak od razu uznawa\u0107 tego za lenistwo lub brak ch\u0119ci. Takie zachowanie mo\u017ce by\u0107 objawem choroby.<\/p>\n\n\n\n<p class=\"wp-block-paragraph\">Szczeg\u00f3lnie powa\u017cnym sygna\u0142em s\u0105 s\u0142owa o \u015bmierci lub o tym, \u017ce \u017cycie nie ma sensu. Nie zak\u0142adaj, \u017ce dziadek \u201etylko tak m\u00f3wi\u201d. Nie zmieniaj te\u017c od razu tematu, \u017ceby unikn\u0105\u0107 trudnej rozmowy. Potraktuj jego s\u0142owa powa\u017cnie i poszukaj profesjonalnej pomocy. W takiej sytuacji najwa\u017cniejsze jest bezpiecze\u0144stwo seniora.<\/p>\n\n\n\n<p class=\"wp-block-paragraph\"><strong>Czytaj te\u017c: <a href=\"https:\/\/opiekaseniora.pl\/centrum-wiedzy\/opieka-domowa-dla-seniora\/\">Senior odrzuca pomoc, cho\u0107 jej potrzebuje? Pow\u00f3d mo\u017ce Ci\u0119 zaskoczy\u0107<\/a><\/strong><\/p>\n\n\n\n<figure class=\"wp-block-image size-full\"><img loading=\"lazy\" decoding=\"async\" width=\"1080\" height=\"565\" src=\"https:\/\/opiekaseniora.pl\/centrum-wiedzy\/wp-content\/uploads\/sites\/4\/2026\/09\/Baza-zdjec-na-WP-2026-09-02T135423.634.png\" alt=\"Depresja u senior\u00f3w - objawy, przyczyny i leczenie\" class=\"wp-image-2378\" srcset=\"https:\/\/opiekaseniora.pl\/centrum-wiedzy\/wp-content\/uploads\/sites\/4\/2026\/09\/Baza-zdjec-na-WP-2026-09-02T135423.634.png 1080w, https:\/\/opiekaseniora.pl\/centrum-wiedzy\/wp-content\/uploads\/sites\/4\/2026\/09\/Baza-zdjec-na-WP-2026-09-02T135423.634-119x62.png 119w, https:\/\/opiekaseniora.pl\/centrum-wiedzy\/wp-content\/uploads\/sites\/4\/2026\/09\/Baza-zdjec-na-WP-2026-09-02T135423.634-90x47.png 90w, https:\/\/opiekaseniora.pl\/centrum-wiedzy\/wp-content\/uploads\/sites\/4\/2026\/09\/Baza-zdjec-na-WP-2026-09-02T135423.634-319x167.png 319w, https:\/\/opiekaseniora.pl\/centrum-wiedzy\/wp-content\/uploads\/sites\/4\/2026\/09\/Baza-zdjec-na-WP-2026-09-02T135423.634-558x292.png 558w\" sizes=\"auto, (max-width: 1080px) 100vw, 1080px\" \/><figcaption class=\"wp-element-caption\">Wykrywanie depresji, fot. Canva<\/figcaption><\/figure>\n\n\n\n<h2 id=\"diagnostyka-i-leczenie\" class=\"wp-block-heading\"><span class=\"ez-toc-section\" id=\"Diagnostyka_i_leczenie\"><\/span><strong>Diagnostyka i leczenie<\/strong><span class=\"ez-toc-section-end\"><\/span><\/h2>\n\n\n\n<p class=\"wp-block-paragraph\">Je\u015bli widzisz, \u017ce bliska osoba zachowuje si\u0119 inaczej ni\u017c wcze\u015bniej, nie zaczynaj rozmowy od s\u0142\u00f3w: \u201eMasz depresj\u0119\u201d. Powiedz raczej, co dok\u0142adnie zauwa\u017casz. Mo\u017cesz wspomnie\u0107, \u017ce mama od kilku tygodni rzadziej wychodzi, tata gorzej \u015bpi, a babcia przesta\u0142a spotyka\u0107 si\u0119 z innymi.<\/p>\n\n\n\n<p class=\"wp-block-paragraph\">Je\u015bli podejrzewasz depresj\u0119, warto porozmawia\u0107 z lekarzem lub piel\u0119gniark\u0105. Opiekun nie powinien sam pr\u00f3bowa\u0107 leczy\u0107 seniora. Rodzina mo\u017ce za to zapisa\u0107, jakie zmiany si\u0119 pojawi\u0142y, kiedy si\u0119 zacz\u0119\u0142y i jak wp\u0142ywaj\u0105 na codzienne \u017cycie.<\/p>\n\n\n\n<h3 id=\"leczenie-to-nie-tylko-leki\" class=\"wp-block-heading\"><span class=\"ez-toc-section\" id=\"Leczenie_to_nie_tylko_leki\"><\/span><strong>Leczenie to nie tylko leki<\/strong><span class=\"ez-toc-section-end\"><\/span><\/h3>\n\n\n\n<p class=\"wp-block-paragraph\">Leczenie depresji u seniora mo\u017ce wygl\u0105da\u0107 r\u00f3\u017cnie. Mo\u017ce obejmowa\u0107 leki, psychoterapi\u0119, rozmowy edukacyjne, \u0107wiczenia oraz spotkania z innymi lud\u017ami. Wa\u017cne jest, aby dba\u0107 jednocze\u015bnie o zdrowie fizyczne, samopoczucie i relacje z bliskimi.<\/p>\n\n\n\n<p class=\"wp-block-paragraph\">Dodatkowe zaj\u0119cia nie zast\u0119puj\u0105 jednak leczenia. Spacer, spotkanie z rodzin\u0105 czy wsp\u00f3lna aktywno\u015b\u0107 mog\u0105 poprawi\u0107 codzienne samopoczucie, ale nie oznacza to, \u017ce depresja minie tylko dlatego, \u017ce senior wyjdzie z domu.<\/p>\n\n\n\n<figure class=\"wp-block-image size-full\"><img loading=\"lazy\" decoding=\"async\" width=\"1080\" height=\"565\" src=\"https:\/\/opiekaseniora.pl\/centrum-wiedzy\/wp-content\/uploads\/sites\/4\/2026\/09\/Baza-zdjec-na-WP-2026-09-02T134349.289.png\" alt=\"Depresja u senior\u00f3w - objawy, przyczyny i leczenie\" class=\"wp-image-2377\" srcset=\"https:\/\/opiekaseniora.pl\/centrum-wiedzy\/wp-content\/uploads\/sites\/4\/2026\/09\/Baza-zdjec-na-WP-2026-09-02T134349.289.png 1080w, https:\/\/opiekaseniora.pl\/centrum-wiedzy\/wp-content\/uploads\/sites\/4\/2026\/09\/Baza-zdjec-na-WP-2026-09-02T134349.289-119x62.png 119w, https:\/\/opiekaseniora.pl\/centrum-wiedzy\/wp-content\/uploads\/sites\/4\/2026\/09\/Baza-zdjec-na-WP-2026-09-02T134349.289-90x47.png 90w, https:\/\/opiekaseniora.pl\/centrum-wiedzy\/wp-content\/uploads\/sites\/4\/2026\/09\/Baza-zdjec-na-WP-2026-09-02T134349.289-319x167.png 319w, https:\/\/opiekaseniora.pl\/centrum-wiedzy\/wp-content\/uploads\/sites\/4\/2026\/09\/Baza-zdjec-na-WP-2026-09-02T134349.289-558x292.png 558w\" sizes=\"auto, (max-width: 1080px) 100vw, 1080px\" \/><figcaption class=\"wp-element-caption\">Leczenie depresji, fot. Canva<\/figcaption><\/figure>\n\n\n\n<h3 id=\"rodzina-i-opiekun-moga-zauwazyc-zmiane-jako-pierwsi\" class=\"wp-block-heading\"><span class=\"ez-toc-section\" id=\"Rodzina_i_opiekun_moga_zauwazyc_zmiane_jako_pierwsi\"><\/span><strong>Rodzina i opiekun mog\u0105 zauwa\u017cy\u0107 zmian\u0119 jako pierwsi<\/strong><span class=\"ez-toc-section-end\"><\/span><\/h3>\n\n\n\n<p class=\"wp-block-paragraph\">Twoja rola nie polega na prowadzeniu terapii. Mo\u017cesz natomiast s\u0142ucha\u0107, utrzymywa\u0107 kontakt i pomaga\u0107 w korzystaniu ze specjalistycznego wsparcia. Je\u015bli osoba starsza mieszka sama, warto te\u017c zwraca\u0107 uwag\u0119 na jej codzienne funkcjonowanie: czy je regularnie, wychodzi z domu, odbiera telefon, przyjmuje zalecone leki i nadal utrzymuje relacje z innymi.<\/p>\n\n\n\n<p class=\"wp-block-paragraph\">Wsparcie seniora nie oznacza te\u017c nadmiernego wyr\u0119czania. Nawet w trudniejszym okresie warto, na ile pozwala stan zdrowia, pozostawia\u0107 bliskiej osobie mo\u017cliwo\u015b\u0107 podejmowania decyzji i wykonywania codziennych czynno\u015bci.<\/p>\n\n\n\n<p class=\"wp-block-paragraph\">Jednocze\u015bnie rodzina i opiekun powinni pami\u0119ta\u0107 o w\u0142asnym odpoczynku oraz zdrowiu psychicznym. Dla cz\u0119\u015bci rodzin pomocne mo\u017ce by\u0107 tak\u017ce podzielenie obowi\u0105zk\u00f3w mi\u0119dzy kilka os\u00f3b, tak aby ca\u0142y ci\u0119\u017car nie spoczywa\u0142 na jednym cz\u0142owieku. Gdy potrzebne jest dodatkowe wsparcie w codziennej opiece, na opiekaseniora.pl mo\u017cna nawi\u0105za\u0107 kontakt z opiekunami gotowymi wspiera\u0107 osoby starsze dorywczo, regularnie lub ca\u0142odobowo.<\/p>\n\n\n\n<p class=\"wp-block-paragraph\"><strong>Czytaj te\u017c: <a href=\"https:\/\/opiekaseniora.pl\/centrum-wiedzy\/opieka-nad-rodzicem-alternatywy\/\">Opiekujesz si\u0119 seniorem i nie masz \u017cycia prywatnego? Rozwi\u0105zanie jest prostsze ni\u017c my\u015blisz<\/a><\/strong><\/p>\n\n\n\n<h2 id=\"najwazniejsze-informacje-w-pigulce\" class=\"wp-block-heading\"><span class=\"ez-toc-section\" id=\"Najwazniejsze_informacje_w_pigulce\"><\/span><strong>Najwa\u017cniejsze informacje w pigu\u0142ce<\/strong><span class=\"ez-toc-section-end\"><\/span><\/h2>\n\n\n\n<p class=\"wp-block-paragraph\">Depresja u senior\u00f3w mo\u017ce przez d\u0142ugi czas pozostawa\u0107 ukryta pod zm\u0119czeniem, dra\u017cliwo\u015bci\u0105, b\u00f3lem, problemami ze snem albo stopniowym wycofaniem z codziennego \u017cycia. Dlatego najwa\u017cniejszym zadaniem rodziny nie jest samodzielne rozpoznanie choroby, ale zauwa\u017cenie, \u017ce bliska osoba zacz\u0119\u0142a funkcjonowa\u0107 inaczej ni\u017c wcze\u015bniej.<\/p>\n\n\n\n<p class=\"wp-block-paragraph\">Najwa\u017cniejsze informacje warto zapami\u0119ta\u0107 w kilku punktach:<\/p>\n\n\n\n<ul class=\"wp-block-list\">\n<li>depresja w starszym wieku nie zawsze wygl\u0105da jak wyra\u017any smutek, a na pierwszy plan mog\u0105 wysuwa\u0107 si\u0119 dra\u017cliwo\u015b\u0107, l\u0119k, os\u0142abienie i dolegliwo\u015bci fizyczne<\/li>\n\n\n\n<li>przyczyny s\u0105 z\u0142o\u017cone i mog\u0105 obejmowa\u0107 jednocze\u015bnie choroby, ograniczenie sprawno\u015bci, samotno\u015b\u0107 oraz trudne zmiany \u017cyciowe<\/li>\n\n\n\n<li>wycofanie, utrata zainteresowa\u0144, brak motywacji, zaburzenia snu, pogorszenie apetytu i problemy z koncentracj\u0105 warto obserwowa\u0107 w odniesieniu do wcze\u015bniejszego funkcjonowania seniora<\/li>\n\n\n\n<li>podobne objawy mog\u0105 towarzyszy\u0107 tak\u017ce innym chorobom, dlatego rozpoznanie wymaga konsultacji i uwzgl\u0119dnienia zdrowia fizycznego oraz przyjmowanych lek\u00f3w<\/li>\n\n\n\n<li>wypowiedzi o \u015bmierci, rezygnacji z \u017cycia lub my\u015bli samob\u00f3jcze zawsze wymagaj\u0105 powa\u017cnego potraktowania<\/li>\n<\/ul>\n\n\n\n<p class=\"wp-block-paragraph\">Je\u015bli senior znajduje si\u0119 w kryzysie psychicznym, bezp\u0142atne i ca\u0142odobowe wsparcie w Polsce oferuj\u0105 <strong>Centrum Wsparcia dla Os\u00f3b Doros\u0142ych w Kryzysie Psychicznym pod numerem 800 70 22 22 oraz Kryzysowy Telefon Zaufania 116 123<\/strong>. Wczesne zauwa\u017cenie problemu i rozpocz\u0119cie odpowiedniego leczenia pomaga szybciej wyzdrowie\u0107.<\/p>\n\n\n\n<h2 id=\"bibliografia\" class=\"wp-block-heading\"><span class=\"ez-toc-section\" id=\"Bibliografia\"><\/span><strong>Bibliografia<\/strong><span class=\"ez-toc-section-end\"><\/span><\/h2>\n\n\n\n<ul class=\"wp-block-list\">\n<li>Gra\u017cyna Michura, <em>Poradnik dla Opiekuna i Senior\u00f3w<\/em>, Centrum Seniora i Opiekuna Faktycznego \u201eBli\u017cej Siebie\u201d: <a href=\"https:\/\/www.blizej-siebie.eu\/wp-content\/uploads\/2024\/02\/Ksiazka-okladka-Poradnik-dla-Opiekuna-i-Seniorow.pdf\" rel=\"nofollow\">https:\/\/www.blizej-siebie.eu\/wp-content\/uploads\/2024\/02\/Ksiazka-okladka-Poradnik-dla-Opiekuna-i-Seniorow.pdf<\/a><\/li>\n\n\n\n<li>Joanna Szczepa\u0144ska-Gieracha, Lilianna Jaworska, Justyna Mazurek, Anna Skrzek, <em>Uj\u0119cie biopsychospo\u0142eczne w leczeniu depresji u os\u00f3b starszych<\/em>, \u201eGerontologia Wsp\u00f3\u0142czesna\u201d, 3\/2017: <a href=\"https:\/\/www.researchgate.net\/publication\/322339989_Ujecie_biopsychospoleczne_w_leczeniu_depresji\" rel=\"nofollow\">https:\/\/www.researchgate.net\/publication\/322339989_Ujecie_biopsychospoleczne_w_leczeniu_depresji<\/a><\/li>\n\n\n\n<li>Swora-Cwynar i in., <em>Potencjalny zwi\u0105zek pomi\u0119dzy wybranymi sk\u0142adnikami oraz produktami \u017cywno\u015bci a depresj\u0105<\/em>, \u201eForum Medycyny Rodzinnej\u201d: <a href=\"https:\/\/journals.viamedica.pl\/forum_medycyny_rodzinnej\/article\/view\/92424\" rel=\"nofollow\">https:\/\/journals.viamedica.pl\/forum_medycyny_rodzinnej\/article\/view\/92424<\/a><\/li>\n<\/ul>\n\n\n\n<p class=\"wp-block-paragraph\"><\/p>\n\n\n\n<p class=\"wp-block-paragraph\"><\/p>\n","protected":false},"excerpt":{"rendered":"<p>Depresja u senior\u00f3w nie zawsze objawia si\u0119 wyra\u017anym smutkiem. Czasem bardziej niepokoj\u0105 dra\u017cliwo\u015b\u0107, brak energii, rezygnowanie z codziennych aktywno\u015bci albo stopniowe wycofywanie si\u0119 z kontakt\u00f3w z bliskimi. Uwa\u017cna obserwacja mo\u017ce&hellip;<\/p>\n","protected":false},"author":6,"featured_media":2369,"comment_status":"closed","ping_status":"closed","sticky":false,"template":"","format":"standard","meta":{"footnotes":""},"categories":[1],"tags":[51,333,332,52,181],"powerkit_post_featured":[],"class_list":["post-2368","post","type-post","status-publish","format-standard","has-post-thumbnail","category-zdrowie-bezpieczenstwo","tag-depresja-u-osob-starszych","tag-leczenie-depresji","tag-objawy-depresji","tag-zdrowie-psychiczne-seniora","tag-zdrowie-seniora"],"yoast_head":"<!-- This site is optimized with the Yoast SEO plugin v28.4 - https:\/\/yoast.com\/product\/yoast-seo-wordpress\/ -->\n<title>Depresja u senior\u00f3w - objawy, przyczyny i leczenie<\/title>\n<meta name=\"description\" content=\"Depresja u senior\u00f3w mo\u017ce wygl\u0105da\u0107 inaczej ni\u017c zwyk\u0142y smutek. Sprawd\u017a objawy, mo\u017cliwe przyczyny i dowiedz si\u0119, kiedy szuka\u0107 pomocy.\" \/>\n<meta name=\"robots\" content=\"index, follow, max-snippet:-1, max-image-preview:large, max-video-preview:-1\" \/>\n<link rel=\"canonical\" href=\"https:\/\/opiekaseniora.pl\/centrum-wiedzy\/depresja-nie-zawsze-oznacza-smutek-jak-zauwazyc-ze-senior-potrzebuje-pomocy\/\" \/>\n<meta property=\"og:locale\" content=\"pl_PL\" \/>\n<meta property=\"og:type\" content=\"article\" \/>\n<meta property=\"og:title\" content=\"Depresja u senior\u00f3w - objawy, przyczyny i leczenie\" \/>\n<meta property=\"og:description\" content=\"Depresja u senior\u00f3w mo\u017ce wygl\u0105da\u0107 inaczej ni\u017c zwyk\u0142y smutek. Sprawd\u017a objawy, mo\u017cliwe przyczyny i dowiedz si\u0119, kiedy szuka\u0107 pomocy.\" \/>\n<meta property=\"og:url\" content=\"https:\/\/opiekaseniora.pl\/centrum-wiedzy\/depresja-nie-zawsze-oznacza-smutek-jak-zauwazyc-ze-senior-potrzebuje-pomocy\/\" \/>\n<meta property=\"og:site_name\" content=\"OpiekaSeniora\" \/>\n<meta property=\"article:published_time\" content=\"2026-09-02T12:00:40+00:00\" \/>\n<meta property=\"article:modified_time\" content=\"2026-09-02T12:03:36+00:00\" \/>\n<meta property=\"og:image\" content=\"https:\/\/opiekaseniora.pl\/centrum-wiedzy\/wp-content\/uploads\/sites\/4\/2026\/09\/depresja-u-mamy.png\" \/>\n\t<meta property=\"og:image:width\" content=\"700\" \/>\n\t<meta property=\"og:image:height\" content=\"525\" \/>\n\t<meta property=\"og:image:type\" content=\"image\/png\" \/>\n<meta name=\"author\" content=\"Julia \u0141uc\" \/>\n<meta name=\"twitter:card\" content=\"summary_large_image\" \/>\n<meta name=\"twitter:label1\" content=\"Napisane przez\" \/>\n\t<meta name=\"twitter:data1\" content=\"Julia \u0141uc\" \/>\n\t<meta name=\"twitter:label2\" content=\"Szacowany czas czytania\" \/>\n\t<meta name=\"twitter:data2\" content=\"10 minut\" \/>\n<script type=\"application\/ld+json\" class=\"yoast-schema-graph\">{\"@context\":\"https:\\\/\\\/schema.org\",\"@graph\":[{\"@type\":\"Article\",\"@id\":\"https:\\\/\\\/opiekaseniora.pl\\\/centrum-wiedzy\\\/depresja-nie-zawsze-oznacza-smutek-jak-zauwazyc-ze-senior-potrzebuje-pomocy\\\/#article\",\"isPartOf\":{\"@id\":\"https:\\\/\\\/opiekaseniora.pl\\\/centrum-wiedzy\\\/depresja-nie-zawsze-oznacza-smutek-jak-zauwazyc-ze-senior-potrzebuje-pomocy\\\/\"},\"author\":{\"name\":\"Julia \u0141uc\",\"@id\":\"https:\\\/\\\/opiekaseniora.pl\\\/centrum-wiedzy\\\/#\\\/schema\\\/person\\\/adb96f6c7044d76f9193cf4c31c2d756\"},\"headline\":\"Depresja nie zawsze oznacza smutek &#8211; jak zauwa\u017cy\u0107, \u017ce senior potrzebuje pomocy?\",\"datePublished\":\"2026-09-02T12:00:40+00:00\",\"dateModified\":\"2026-09-02T12:03:36+00:00\",\"mainEntityOfPage\":{\"@id\":\"https:\\\/\\\/opiekaseniora.pl\\\/centrum-wiedzy\\\/depresja-nie-zawsze-oznacza-smutek-jak-zauwazyc-ze-senior-potrzebuje-pomocy\\\/\"},\"wordCount\":1648,\"image\":{\"@id\":\"https:\\\/\\\/opiekaseniora.pl\\\/centrum-wiedzy\\\/depresja-nie-zawsze-oznacza-smutek-jak-zauwazyc-ze-senior-potrzebuje-pomocy\\\/#primaryimage\"},\"thumbnailUrl\":\"https:\\\/\\\/opiekaseniora.pl\\\/centrum-wiedzy\\\/wp-content\\\/uploads\\\/sites\\\/4\\\/2026\\\/09\\\/depresja-u-mamy.png\",\"keywords\":[\"depresja u os\u00f3b starszych\",\"leczenie depresji\",\"objawy depresji\",\"zdrowie psychiczne seniora\",\"zdrowie seniora\"],\"articleSection\":[\"Zdrowie i bezpiecze\u0144stwo\"],\"inLanguage\":\"pl-PL\"},{\"@type\":\"WebPage\",\"@id\":\"https:\\\/\\\/opiekaseniora.pl\\\/centrum-wiedzy\\\/depresja-nie-zawsze-oznacza-smutek-jak-zauwazyc-ze-senior-potrzebuje-pomocy\\\/\",\"url\":\"https:\\\/\\\/opiekaseniora.pl\\\/centrum-wiedzy\\\/depresja-nie-zawsze-oznacza-smutek-jak-zauwazyc-ze-senior-potrzebuje-pomocy\\\/\",\"name\":\"Depresja u senior\u00f3w - objawy, przyczyny i leczenie\",\"isPartOf\":{\"@id\":\"https:\\\/\\\/opiekaseniora.pl\\\/centrum-wiedzy\\\/#website\"},\"primaryImageOfPage\":{\"@id\":\"https:\\\/\\\/opiekaseniora.pl\\\/centrum-wiedzy\\\/depresja-nie-zawsze-oznacza-smutek-jak-zauwazyc-ze-senior-potrzebuje-pomocy\\\/#primaryimage\"},\"image\":{\"@id\":\"https:\\\/\\\/opiekaseniora.pl\\\/centrum-wiedzy\\\/depresja-nie-zawsze-oznacza-smutek-jak-zauwazyc-ze-senior-potrzebuje-pomocy\\\/#primaryimage\"},\"thumbnailUrl\":\"https:\\\/\\\/opiekaseniora.pl\\\/centrum-wiedzy\\\/wp-content\\\/uploads\\\/sites\\\/4\\\/2026\\\/09\\\/depresja-u-mamy.png\",\"datePublished\":\"2026-09-02T12:00:40+00:00\",\"dateModified\":\"2026-09-02T12:03:36+00:00\",\"author\":{\"@id\":\"https:\\\/\\\/opiekaseniora.pl\\\/centrum-wiedzy\\\/#\\\/schema\\\/person\\\/adb96f6c7044d76f9193cf4c31c2d756\"},\"description\":\"Depresja u senior\u00f3w mo\u017ce wygl\u0105da\u0107 inaczej ni\u017c zwyk\u0142y smutek. Sprawd\u017a objawy, mo\u017cliwe przyczyny i dowiedz si\u0119, kiedy szuka\u0107 pomocy.\",\"breadcrumb\":{\"@id\":\"https:\\\/\\\/opiekaseniora.pl\\\/centrum-wiedzy\\\/depresja-nie-zawsze-oznacza-smutek-jak-zauwazyc-ze-senior-potrzebuje-pomocy\\\/#breadcrumb\"},\"inLanguage\":\"pl-PL\",\"potentialAction\":[{\"@type\":\"ReadAction\",\"target\":[\"https:\\\/\\\/opiekaseniora.pl\\\/centrum-wiedzy\\\/depresja-nie-zawsze-oznacza-smutek-jak-zauwazyc-ze-senior-potrzebuje-pomocy\\\/\"]}]},{\"@type\":\"ImageObject\",\"inLanguage\":\"pl-PL\",\"@id\":\"https:\\\/\\\/opiekaseniora.pl\\\/centrum-wiedzy\\\/depresja-nie-zawsze-oznacza-smutek-jak-zauwazyc-ze-senior-potrzebuje-pomocy\\\/#primaryimage\",\"url\":\"https:\\\/\\\/opiekaseniora.pl\\\/centrum-wiedzy\\\/wp-content\\\/uploads\\\/sites\\\/4\\\/2026\\\/09\\\/depresja-u-mamy.png\",\"contentUrl\":\"https:\\\/\\\/opiekaseniora.pl\\\/centrum-wiedzy\\\/wp-content\\\/uploads\\\/sites\\\/4\\\/2026\\\/09\\\/depresja-u-mamy.png\",\"width\":700,\"height\":525,\"caption\":\"Depresja u senior\u00f3w - objawy, przyczyny i leczenie\"},{\"@type\":\"BreadcrumbList\",\"@id\":\"https:\\\/\\\/opiekaseniora.pl\\\/centrum-wiedzy\\\/depresja-nie-zawsze-oznacza-smutek-jak-zauwazyc-ze-senior-potrzebuje-pomocy\\\/#breadcrumb\",\"itemListElement\":[{\"@type\":\"ListItem\",\"position\":1,\"name\":\"Strona g\u0142\u00f3wna\",\"item\":\"https:\\\/\\\/opiekaseniora.pl\\\/centrum-wiedzy\\\/\"},{\"@type\":\"ListItem\",\"position\":2,\"name\":\"Zdrowie i bezpiecze\u0144stwo\",\"item\":\"https:\\\/\\\/opiekaseniora.pl\\\/centrum-wiedzy\\\/zdrowie-bezpieczenstwo\\\/\"},{\"@type\":\"ListItem\",\"position\":3,\"name\":\"Depresja nie zawsze oznacza smutek &#8211; jak zauwa\u017cy\u0107, \u017ce senior potrzebuje pomocy?\"}]},{\"@type\":\"WebSite\",\"@id\":\"https:\\\/\\\/opiekaseniora.pl\\\/centrum-wiedzy\\\/#website\",\"url\":\"https:\\\/\\\/opiekaseniora.pl\\\/centrum-wiedzy\\\/\",\"name\":\"OpiekaSeniora\",\"description\":\"\",\"potentialAction\":[{\"@type\":\"SearchAction\",\"target\":{\"@type\":\"EntryPoint\",\"urlTemplate\":\"https:\\\/\\\/opiekaseniora.pl\\\/centrum-wiedzy\\\/?s={search_term_string}\"},\"query-input\":{\"@type\":\"PropertyValueSpecification\",\"valueRequired\":true,\"valueName\":\"search_term_string\"}}],\"inLanguage\":\"pl-PL\"},{\"@type\":\"Person\",\"@id\":\"https:\\\/\\\/opiekaseniora.pl\\\/centrum-wiedzy\\\/#\\\/schema\\\/person\\\/adb96f6c7044d76f9193cf4c31c2d756\",\"name\":\"Julia \u0141uc\",\"image\":{\"@type\":\"ImageObject\",\"inLanguage\":\"pl-PL\",\"@id\":\"https:\\\/\\\/opiekaseniora.pl\\\/centrum-wiedzy\\\/wp-content\\\/uploads\\\/sites\\\/4\\\/2026\\\/05\\\/Projekt-bez-nazwy-13-96x96.png\",\"url\":\"https:\\\/\\\/opiekaseniora.pl\\\/centrum-wiedzy\\\/wp-content\\\/uploads\\\/sites\\\/4\\\/2026\\\/05\\\/Projekt-bez-nazwy-13-96x96.png\",\"contentUrl\":\"https:\\\/\\\/opiekaseniora.pl\\\/centrum-wiedzy\\\/wp-content\\\/uploads\\\/sites\\\/4\\\/2026\\\/05\\\/Projekt-bez-nazwy-13-96x96.png\",\"caption\":\"Julia \u0141uc\"},\"description\":\"Magister zarz\u0105dzania mediami, od wielu lat zawodowo zwi\u0105zana z marketingiem i komunikacj\u0105 w social mediach. Do\u015bwiadczenie zdobywa\u0142a, realizuj\u0105c projekty promocyjne i wizerunkowe oraz wsp\u00f3\u0142tworz\u0105c wydarzenia bran\u017cowe. Przyk\u0142adem s\u0105 Mi\u0119dzynarodowe Targi Rehabilitacji w Krakowie, kt\u00f3re pozwoli\u0142y jej jeszcze lepiej pozna\u0107 \u015brodowisko zwi\u0105zane ze zdrowiem, rehabilitacj\u0105 i wsparciem os\u00f3b wymagaj\u0105cych opieki. W swojej pracy \u0142\u0105czy wiedz\u0119 o komunikacji z tematyk\u0105 spo\u0142eczn\u0105 i zdrowotn\u0105, tworz\u0105c tre\u015bci przyst\u0119pne i odpowiadaj\u0105ce na realne potrzeby odbiorc\u00f3w. Temat opieki nad osob\u0105 starsz\u0105 zna r\u00f3wnie\u017c z w\u0142asnego do\u015bwiadczenia, co przek\u0142ada si\u0119 na wi\u0119ksz\u0105 uwa\u017cno\u015b\u0107, empati\u0119 i praktyczne podej\u015bcie do poruszanych zagadnie\u0144.\",\"url\":\"https:\\\/\\\/opiekaseniora.pl\\\/centrum-wiedzy\\\/author\\\/jluc\\\/\"}]}<\/script>\n<!-- \/ Yoast SEO plugin. -->","yoast_head_json":{"title":"Depresja u senior\u00f3w - objawy, przyczyny i leczenie","description":"Depresja u senior\u00f3w mo\u017ce wygl\u0105da\u0107 inaczej ni\u017c zwyk\u0142y smutek. Sprawd\u017a objawy, mo\u017cliwe przyczyny i dowiedz si\u0119, kiedy szuka\u0107 pomocy.","robots":{"index":"index","follow":"follow","max-snippet":"max-snippet:-1","max-image-preview":"max-image-preview:large","max-video-preview":"max-video-preview:-1"},"canonical":"https:\/\/opiekaseniora.pl\/centrum-wiedzy\/depresja-nie-zawsze-oznacza-smutek-jak-zauwazyc-ze-senior-potrzebuje-pomocy\/","og_locale":"pl_PL","og_type":"article","og_title":"Depresja u senior\u00f3w - objawy, przyczyny i leczenie","og_description":"Depresja u senior\u00f3w mo\u017ce wygl\u0105da\u0107 inaczej ni\u017c zwyk\u0142y smutek. Sprawd\u017a objawy, mo\u017cliwe przyczyny i dowiedz si\u0119, kiedy szuka\u0107 pomocy.","og_url":"https:\/\/opiekaseniora.pl\/centrum-wiedzy\/depresja-nie-zawsze-oznacza-smutek-jak-zauwazyc-ze-senior-potrzebuje-pomocy\/","og_site_name":"OpiekaSeniora","article_published_time":"2026-09-02T12:00:40+00:00","article_modified_time":"2026-09-02T12:03:36+00:00","og_image":[{"width":700,"height":525,"url":"https:\/\/opiekaseniora.pl\/centrum-wiedzy\/wp-content\/uploads\/sites\/4\/2026\/09\/depresja-u-mamy.png","type":"image\/png"}],"author":"Julia \u0141uc","twitter_card":"summary_large_image","twitter_misc":{"Napisane przez":"Julia \u0141uc","Szacowany czas czytania":"10 minut"},"schema":{"@context":"https:\/\/schema.org","@graph":[{"@type":"Article","@id":"https:\/\/opiekaseniora.pl\/centrum-wiedzy\/depresja-nie-zawsze-oznacza-smutek-jak-zauwazyc-ze-senior-potrzebuje-pomocy\/#article","isPartOf":{"@id":"https:\/\/opiekaseniora.pl\/centrum-wiedzy\/depresja-nie-zawsze-oznacza-smutek-jak-zauwazyc-ze-senior-potrzebuje-pomocy\/"},"author":{"name":"Julia \u0141uc","@id":"https:\/\/opiekaseniora.pl\/centrum-wiedzy\/#\/schema\/person\/adb96f6c7044d76f9193cf4c31c2d756"},"headline":"Depresja nie zawsze oznacza smutek &#8211; jak zauwa\u017cy\u0107, \u017ce senior potrzebuje pomocy?","datePublished":"2026-09-02T12:00:40+00:00","dateModified":"2026-09-02T12:03:36+00:00","mainEntityOfPage":{"@id":"https:\/\/opiekaseniora.pl\/centrum-wiedzy\/depresja-nie-zawsze-oznacza-smutek-jak-zauwazyc-ze-senior-potrzebuje-pomocy\/"},"wordCount":1648,"image":{"@id":"https:\/\/opiekaseniora.pl\/centrum-wiedzy\/depresja-nie-zawsze-oznacza-smutek-jak-zauwazyc-ze-senior-potrzebuje-pomocy\/#primaryimage"},"thumbnailUrl":"https:\/\/opiekaseniora.pl\/centrum-wiedzy\/wp-content\/uploads\/sites\/4\/2026\/09\/depresja-u-mamy.png","keywords":["depresja u os\u00f3b starszych","leczenie depresji","objawy depresji","zdrowie psychiczne seniora","zdrowie seniora"],"articleSection":["Zdrowie i bezpiecze\u0144stwo"],"inLanguage":"pl-PL"},{"@type":"WebPage","@id":"https:\/\/opiekaseniora.pl\/centrum-wiedzy\/depresja-nie-zawsze-oznacza-smutek-jak-zauwazyc-ze-senior-potrzebuje-pomocy\/","url":"https:\/\/opiekaseniora.pl\/centrum-wiedzy\/depresja-nie-zawsze-oznacza-smutek-jak-zauwazyc-ze-senior-potrzebuje-pomocy\/","name":"Depresja u senior\u00f3w - objawy, przyczyny i leczenie","isPartOf":{"@id":"https:\/\/opiekaseniora.pl\/centrum-wiedzy\/#website"},"primaryImageOfPage":{"@id":"https:\/\/opiekaseniora.pl\/centrum-wiedzy\/depresja-nie-zawsze-oznacza-smutek-jak-zauwazyc-ze-senior-potrzebuje-pomocy\/#primaryimage"},"image":{"@id":"https:\/\/opiekaseniora.pl\/centrum-wiedzy\/depresja-nie-zawsze-oznacza-smutek-jak-zauwazyc-ze-senior-potrzebuje-pomocy\/#primaryimage"},"thumbnailUrl":"https:\/\/opiekaseniora.pl\/centrum-wiedzy\/wp-content\/uploads\/sites\/4\/2026\/09\/depresja-u-mamy.png","datePublished":"2026-09-02T12:00:40+00:00","dateModified":"2026-09-02T12:03:36+00:00","author":{"@id":"https:\/\/opiekaseniora.pl\/centrum-wiedzy\/#\/schema\/person\/adb96f6c7044d76f9193cf4c31c2d756"},"description":"Depresja u senior\u00f3w mo\u017ce wygl\u0105da\u0107 inaczej ni\u017c zwyk\u0142y smutek. Sprawd\u017a objawy, mo\u017cliwe przyczyny i dowiedz si\u0119, kiedy szuka\u0107 pomocy.","breadcrumb":{"@id":"https:\/\/opiekaseniora.pl\/centrum-wiedzy\/depresja-nie-zawsze-oznacza-smutek-jak-zauwazyc-ze-senior-potrzebuje-pomocy\/#breadcrumb"},"inLanguage":"pl-PL","potentialAction":[{"@type":"ReadAction","target":["https:\/\/opiekaseniora.pl\/centrum-wiedzy\/depresja-nie-zawsze-oznacza-smutek-jak-zauwazyc-ze-senior-potrzebuje-pomocy\/"]}]},{"@type":"ImageObject","inLanguage":"pl-PL","@id":"https:\/\/opiekaseniora.pl\/centrum-wiedzy\/depresja-nie-zawsze-oznacza-smutek-jak-zauwazyc-ze-senior-potrzebuje-pomocy\/#primaryimage","url":"https:\/\/opiekaseniora.pl\/centrum-wiedzy\/wp-content\/uploads\/sites\/4\/2026\/09\/depresja-u-mamy.png","contentUrl":"https:\/\/opiekaseniora.pl\/centrum-wiedzy\/wp-content\/uploads\/sites\/4\/2026\/09\/depresja-u-mamy.png","width":700,"height":525,"caption":"Depresja u senior\u00f3w - objawy, przyczyny i leczenie"},{"@type":"BreadcrumbList","@id":"https:\/\/opiekaseniora.pl\/centrum-wiedzy\/depresja-nie-zawsze-oznacza-smutek-jak-zauwazyc-ze-senior-potrzebuje-pomocy\/#breadcrumb","itemListElement":[{"@type":"ListItem","position":1,"name":"Strona g\u0142\u00f3wna","item":"https:\/\/opiekaseniora.pl\/centrum-wiedzy\/"},{"@type":"ListItem","position":2,"name":"Zdrowie i bezpiecze\u0144stwo","item":"https:\/\/opiekaseniora.pl\/centrum-wiedzy\/zdrowie-bezpieczenstwo\/"},{"@type":"ListItem","position":3,"name":"Depresja nie zawsze oznacza smutek &#8211; jak zauwa\u017cy\u0107, \u017ce senior potrzebuje pomocy?"}]},{"@type":"WebSite","@id":"https:\/\/opiekaseniora.pl\/centrum-wiedzy\/#website","url":"https:\/\/opiekaseniora.pl\/centrum-wiedzy\/","name":"OpiekaSeniora","description":"","potentialAction":[{"@type":"SearchAction","target":{"@type":"EntryPoint","urlTemplate":"https:\/\/opiekaseniora.pl\/centrum-wiedzy\/?s={search_term_string}"},"query-input":{"@type":"PropertyValueSpecification","valueRequired":true,"valueName":"search_term_string"}}],"inLanguage":"pl-PL"},{"@type":"Person","@id":"https:\/\/opiekaseniora.pl\/centrum-wiedzy\/#\/schema\/person\/adb96f6c7044d76f9193cf4c31c2d756","name":"Julia \u0141uc","image":{"@type":"ImageObject","inLanguage":"pl-PL","@id":"https:\/\/opiekaseniora.pl\/centrum-wiedzy\/wp-content\/uploads\/sites\/4\/2026\/05\/Projekt-bez-nazwy-13-96x96.png","url":"https:\/\/opiekaseniora.pl\/centrum-wiedzy\/wp-content\/uploads\/sites\/4\/2026\/05\/Projekt-bez-nazwy-13-96x96.png","contentUrl":"https:\/\/opiekaseniora.pl\/centrum-wiedzy\/wp-content\/uploads\/sites\/4\/2026\/05\/Projekt-bez-nazwy-13-96x96.png","caption":"Julia \u0141uc"},"description":"Magister zarz\u0105dzania mediami, od wielu lat zawodowo zwi\u0105zana z marketingiem i komunikacj\u0105 w social mediach. Do\u015bwiadczenie zdobywa\u0142a, realizuj\u0105c projekty promocyjne i wizerunkowe oraz wsp\u00f3\u0142tworz\u0105c wydarzenia bran\u017cowe. Przyk\u0142adem s\u0105 Mi\u0119dzynarodowe Targi Rehabilitacji w Krakowie, kt\u00f3re pozwoli\u0142y jej jeszcze lepiej pozna\u0107 \u015brodowisko zwi\u0105zane ze zdrowiem, rehabilitacj\u0105 i wsparciem os\u00f3b wymagaj\u0105cych opieki. W swojej pracy \u0142\u0105czy wiedz\u0119 o komunikacji z tematyk\u0105 spo\u0142eczn\u0105 i zdrowotn\u0105, tworz\u0105c tre\u015bci przyst\u0119pne i odpowiadaj\u0105ce na realne potrzeby odbiorc\u00f3w. Temat opieki nad osob\u0105 starsz\u0105 zna r\u00f3wnie\u017c z w\u0142asnego do\u015bwiadczenia, co przek\u0142ada si\u0119 na wi\u0119ksz\u0105 uwa\u017cno\u015b\u0107, empati\u0119 i praktyczne podej\u015bcie do poruszanych zagadnie\u0144.","url":"https:\/\/opiekaseniora.pl\/centrum-wiedzy\/author\/jluc\/"}]}},"_links":{"self":[{"href":"https:\/\/opiekaseniora.pl\/centrum-wiedzy\/wp-json\/wp\/v2\/posts\/2368","targetHints":{"allow":["GET"]}}],"collection":[{"href":"https:\/\/opiekaseniora.pl\/centrum-wiedzy\/wp-json\/wp\/v2\/posts"}],"about":[{"href":"https:\/\/opiekaseniora.pl\/centrum-wiedzy\/wp-json\/wp\/v2\/types\/post"}],"author":[{"embeddable":true,"href":"https:\/\/opiekaseniora.pl\/centrum-wiedzy\/wp-json\/wp\/v2\/users\/6"}],"replies":[{"embeddable":true,"href":"https:\/\/opiekaseniora.pl\/centrum-wiedzy\/wp-json\/wp\/v2\/comments?post=2368"}],"version-history":[{"count":3,"href":"https:\/\/opiekaseniora.pl\/centrum-wiedzy\/wp-json\/wp\/v2\/posts\/2368\/revisions"}],"predecessor-version":[{"id":2382,"href":"https:\/\/opiekaseniora.pl\/centrum-wiedzy\/wp-json\/wp\/v2\/posts\/2368\/revisions\/2382"}],"wp:featuredmedia":[{"embeddable":true,"href":"https:\/\/opiekaseniora.pl\/centrum-wiedzy\/wp-json\/wp\/v2\/media\/2369"}],"wp:attachment":[{"href":"https:\/\/opiekaseniora.pl\/centrum-wiedzy\/wp-json\/wp\/v2\/media?parent=2368"}],"wp:term":[{"taxonomy":"category","embeddable":true,"href":"https:\/\/opiekaseniora.pl\/centrum-wiedzy\/wp-json\/wp\/v2\/categories?post=2368"},{"taxonomy":"post_tag","embeddable":true,"href":"https:\/\/opiekaseniora.pl\/centrum-wiedzy\/wp-json\/wp\/v2\/tags?post=2368"},{"taxonomy":"powerkit_post_featured","embeddable":true,"href":"https:\/\/opiekaseniora.pl\/centrum-wiedzy\/wp-json\/wp\/v2\/powerkit_post_featured?post=2368"}],"curies":[{"name":"wp","href":"https:\/\/api.w.org\/{rel}","templated":true}]}}