{"id":2384,"date":"2026-09-02T16:25:47","date_gmt":"2026-09-02T14:25:47","guid":{"rendered":"https:\/\/opiekaseniora.pl\/centrum-wiedzy\/?p=2384"},"modified":"2026-09-02T16:29:21","modified_gmt":"2026-09-02T14:29:21","slug":"samotnosc-moze-wplynac-na-zdrowie-twojego-taty-sprawdz-jak-pomoc-starszej-osobie","status":"publish","type":"post","link":"https:\/\/opiekaseniora.pl\/centrum-wiedzy\/samotnosc-moze-wplynac-na-zdrowie-twojego-taty-sprawdz-jak-pomoc-starszej-osobie\/","title":{"rendered":"Samotno\u015b\u0107 mo\u017ce wp\u0142yn\u0105\u0107 na zdrowie Twojego taty. Sprawd\u017a, jak pom\u00f3c starszej osobie"},"content":{"rendered":"\n<p class=\"wp-block-paragraph\"><strong>Samotno\u015b\u0107 seniora mo\u017ce si\u0119 pog\u0142\u0119bia\u0107, nawet je\u015bli regularnie dzwonisz do swojego bliskiego. Czy wiesz, po czym rozpozna\u0107, \u017ce Twojemu tacie albo babci zaczyna brakowa\u0107 blisko\u015bci i codziennych kontakt\u00f3w? Z tego artyku\u0142u dowiesz si\u0119, jakie zachowania powinny zwr\u00f3ci\u0107 Twoj\u0105 uwag\u0119.<\/strong><\/p>\n\n\n\n<p class=\"wp-block-paragraph\">Samotno\u015b\u0107 seniora cz\u0119sto narasta stopniowo, gdy zmienia si\u0119 jego stan zdrowia, sytuacja rodzinna i grono znajomych. Dlatego nie warto ocenia\u0107 jej wy\u0142\u0105cznie po tym, jak cz\u0119sto bliska osoba spotyka si\u0119 z innymi. Wa\u017cniejsze jest to, jak czuje si\u0119 na co dzie\u0144.<\/p>\n\n\n\n<div id=\"ez-toc-container\" class=\"ez-toc-v2_0_81 counter-hierarchy ez-toc-counter ez-toc-transparent ez-toc-container-direction\">\n<div class=\"ez-toc-title-container\">\n<p class=\"ez-toc-title\" style=\"cursor:inherit\">Spis tre\u015bci<\/p>\n<span class=\"ez-toc-title-toggle\"><\/span><\/div>\n<nav><ul class='ez-toc-list ez-toc-list-level-1 ' ><li class='ez-toc-page-1 ez-toc-heading-level-2'><a class=\"ez-toc-link ez-toc-heading-1\" href=\"https:\/\/opiekaseniora.pl\/centrum-wiedzy\/samotnosc-moze-wplynac-na-zdrowie-twojego-taty-sprawdz-jak-pomoc-starszej-osobie\/#Dlaczego_wiele_osob_starszych_doswiadcza_samotnosci\" >Dlaczego wiele os\u00f3b starszych do\u015bwiadcza samotno\u015bci?<\/a><\/li><li class='ez-toc-page-1 ez-toc-heading-level-2'><a class=\"ez-toc-link ez-toc-heading-2\" href=\"https:\/\/opiekaseniora.pl\/centrum-wiedzy\/samotnosc-moze-wplynac-na-zdrowie-twojego-taty-sprawdz-jak-pomoc-starszej-osobie\/#Jak_rozpoznac_ze_starszy_tata_czuje_sie_samotny\" >Jak rozpozna\u0107, \u017ce starszy tata czuje si\u0119 samotny?<\/a><\/li><li class='ez-toc-page-1 ez-toc-heading-level-2'><a class=\"ez-toc-link ez-toc-heading-3\" href=\"https:\/\/opiekaseniora.pl\/centrum-wiedzy\/samotnosc-moze-wplynac-na-zdrowie-twojego-taty-sprawdz-jak-pomoc-starszej-osobie\/#Samotnosc_seniora_a_depresja\" >Samotno\u015b\u0107 seniora a depresja<\/a><\/li><li class='ez-toc-page-1 ez-toc-heading-level-2'><a class=\"ez-toc-link ez-toc-heading-4\" href=\"https:\/\/opiekaseniora.pl\/centrum-wiedzy\/samotnosc-moze-wplynac-na-zdrowie-twojego-taty-sprawdz-jak-pomoc-starszej-osobie\/#Jak_mozesz_pomoc_seniorowi\" >Jak mo\u017cesz pom\u00f3c seniorowi?<\/a><\/li><li class='ez-toc-page-1 ez-toc-heading-level-2'><a class=\"ez-toc-link ez-toc-heading-5\" href=\"https:\/\/opiekaseniora.pl\/centrum-wiedzy\/samotnosc-moze-wplynac-na-zdrowie-twojego-taty-sprawdz-jak-pomoc-starszej-osobie\/#Kiedy_warto_poszukac_dodatkowego_wsparcia\" >Kiedy warto poszuka\u0107 dodatkowego wsparcia?<\/a><\/li><li class='ez-toc-page-1 ez-toc-heading-level-2'><a class=\"ez-toc-link ez-toc-heading-6\" href=\"https:\/\/opiekaseniora.pl\/centrum-wiedzy\/samotnosc-moze-wplynac-na-zdrowie-twojego-taty-sprawdz-jak-pomoc-starszej-osobie\/#Samotnosc_seniora_nie_zawsze_widac_od_razu_%E2%80%93_co_warto_zapamietac\" >Samotno\u015b\u0107 seniora nie zawsze wida\u0107 od razu &#8211; co warto zapami\u0119ta\u0107?<\/a><\/li><\/ul><\/nav><\/div>\n<h2 id=\"dlaczego-wiele-osob-starszych-doswiadcza-samotnosci\" class=\"wp-block-heading\"><span class=\"ez-toc-section\" id=\"Dlaczego_wiele_osob_starszych_doswiadcza_samotnosci\"><\/span><strong>Dlaczego wiele os\u00f3b starszych do\u015bwiadcza samotno\u015bci?<\/strong><span class=\"ez-toc-section-end\"><\/span><\/h2>\n\n\n\n<p class=\"wp-block-paragraph\">Zastanawiasz si\u0119 czasem, dlaczego tata, kt\u00f3ry jeszcze kilka lat temu mia\u0142 du\u017co plan\u00f3w i spotka\u0144, dzi\u015b coraz cz\u0119\u015bciej zostaje w domu? Taka zmiana mo\u017ce wynika\u0107 z wielu drobnych wydarze\u0144, kt\u00f3re z czasem zaczynaj\u0105 si\u0119 na siebie nak\u0142ada\u0107.<\/p>\n\n\n\n<p class=\"wp-block-paragraph\">Przej\u015bcie na emerytur\u0119 cz\u0119sto oznacza mniej codziennych kontakt\u00f3w. Wcze\u015bniej rozmowy w pracy, wsp\u00f3lna kawa czy spotkania ze znajomymi by\u0142y cz\u0119\u015bci\u0105 dnia. Po emeryturze mog\u0105 nagle znikn\u0105\u0107. Podobnie dzieje si\u0119, gdy dzieci wyprowadzaj\u0105 si\u0119 do innego miasta albo kraju. Samotno\u015b\u0107 seniora nie musi wi\u0119c wynika\u0107 z braku kochaj\u0105cych os\u00f3b, lecz z tego, \u017ce rzadziej s\u0105 one obok niego.<\/p>\n\n\n\n<p class=\"wp-block-paragraph\">Du\u017ce znaczenie maj\u0105 tak\u017ce straty, kt\u00f3re cz\u0119\u015bciej pojawiaj\u0105 si\u0119 w p\u00f3\u017aniejszych latach \u017cycia. \u015amier\u0107 partnera, rodze\u0144stwa albo wieloletniego przyjaciela oznacza nie tylko utrat\u0119 bliskiej osoby. Znika te\u017c wsp\u00f3lna codzienno\u015b\u0107, rozmowy, plany i zwyczaje.<\/p>\n\n\n\n<p class=\"wp-block-paragraph\">Kolejn\u0105 przeszkod\u0105 mo\u017ce by\u0107 zdrowie. B\u00f3l, choroba przewlek\u0142a, problemy ze s\u0142uchem albo mniejsza sprawno\u015b\u0107 sprawiaj\u0105, \u017ce zwyk\u0142e wyj\u015bcie z domu wymaga wi\u0119cej wysi\u0142ku. Senior mo\u017ce nadal chcie\u0107 spotyka\u0107 si\u0119 ze znajomymi, ale coraz trudniej mo\u017ce mu by\u0107 do nich dotrze\u0107.<\/p>\n\n\n\n<p class=\"wp-block-paragraph\">Znaczenie maj\u0105 r\u00f3wnie\u017c nowe technologie. Rodzina i znajomi coraz cz\u0119\u015bciej kontaktuj\u0105 si\u0119 przez komunikatory, wideorozmowy i media spo\u0142eczno\u015bciowe. Senior, kt\u00f3ry nie umie albo nie chce z nich korzysta\u0107, mo\u017ce mie\u0107 mniej okazji do rozm\u00f3w i kontaktu z bliskimi.<\/p>\n\n\n\n<p class=\"wp-block-paragraph\"><strong>Czytaj te\u017c: <\/strong><a href=\"https:\/\/opiekaseniora.pl\/centrum-wiedzy\/czy-to-tylko-starosc-objawy-ktore-powinny-zapalic-ci-czerwona-lampke\/\">Czy to tylko staro\u015b\u0107? Objawy, kt\u00f3re powinny zapali\u0107 Ci czerwon\u0105 lampk\u0119<\/a><\/p>\n\n\n\n<figure class=\"wp-block-image size-full\"><img loading=\"lazy\" decoding=\"async\" width=\"1080\" height=\"565\" src=\"https:\/\/opiekaseniora.pl\/centrum-wiedzy\/wp-content\/uploads\/sites\/4\/2026\/09\/Baza-zdjec-na-WP-2026-09-02T162100.053.png\" alt=\"Samotno\u015b\u0107 seniora - jak j\u0105 rozpozna\u0107 i jak pom\u00f3c bliskiej osobie\" class=\"wp-image-2388\" srcset=\"https:\/\/opiekaseniora.pl\/centrum-wiedzy\/wp-content\/uploads\/sites\/4\/2026\/09\/Baza-zdjec-na-WP-2026-09-02T162100.053.png 1080w, https:\/\/opiekaseniora.pl\/centrum-wiedzy\/wp-content\/uploads\/sites\/4\/2026\/09\/Baza-zdjec-na-WP-2026-09-02T162100.053-119x62.png 119w, https:\/\/opiekaseniora.pl\/centrum-wiedzy\/wp-content\/uploads\/sites\/4\/2026\/09\/Baza-zdjec-na-WP-2026-09-02T162100.053-90x47.png 90w, https:\/\/opiekaseniora.pl\/centrum-wiedzy\/wp-content\/uploads\/sites\/4\/2026\/09\/Baza-zdjec-na-WP-2026-09-02T162100.053-319x167.png 319w, https:\/\/opiekaseniora.pl\/centrum-wiedzy\/wp-content\/uploads\/sites\/4\/2026\/09\/Baza-zdjec-na-WP-2026-09-02T162100.053-558x292.png 558w\" sizes=\"auto, (max-width: 1080px) 100vw, 1080px\" \/><figcaption class=\"wp-element-caption\">Samotno\u015b\u0107 seniora, fot. Canva<\/figcaption><\/figure>\n\n\n\n<h2 id=\"jak-rozpoznac-ze-starszy-tata-czuje-sie-samotny\" class=\"wp-block-heading\"><span class=\"ez-toc-section\" id=\"Jak_rozpoznac_ze_starszy_tata_czuje_sie_samotny\"><\/span><strong>Jak rozpozna\u0107, \u017ce starszy tata czuje si\u0119 samotny?<\/strong><span class=\"ez-toc-section-end\"><\/span><\/h2>\n\n\n\n<p class=\"wp-block-paragraph\">Samotno\u015b\u0107 nie zawsze daje oczywiste objawy. Czasem senior nadal spotyka si\u0119 z rodzin\u0105, ale rzadziej inicjuje kontakty, m\u00f3wi, \u017ce nie ma z kim porozmawia\u0107, albo podkre\u015bla, \u017ce nikt si\u0119 nim nie interesuje. Mo\u017ce te\u017c sp\u0119dza\u0107 wi\u0119cej czasu sam, mimo \u017ce wcze\u015bniej ch\u0119tnie przebywa\u0142 w\u015br\u00f3d ludzi.<\/p>\n\n\n\n<p class=\"wp-block-paragraph\">Twoj\u0105 uwag\u0119 mog\u0105 zwr\u00f3ci\u0107 mi\u0119dzy innymi takie sytuacje:<\/p>\n\n\n\n<ul class=\"wp-block-list\">\n<li>m\u00f3wi, \u017ce brakuje mu kogo\u015b do rozmowy, wsp\u00f3lnego sp\u0119dzania czasu;<\/li>\n\n\n\n<li>cz\u0119\u015bciej wspomina, \u017ce czuje si\u0119 sam, pomijany przez rodzin\u0119 i znajomych;<\/li>\n\n\n\n<li>podczas rozm\u00f3w wyra\u017anie szuka blisko\u015bci, przed\u0142u\u017ca kontakt lub cz\u0119sto wraca do potrzeby odwiedzin i towarzystwa;<\/li>\n\n\n\n<li>przestaje utrzymywa\u0107 relacje, poniewa\u017c uwa\u017ca, \u017ce innym nie zale\u017cy na kontakcie z nim albo \u017ce jest dla nich ci\u0119\u017carem.<\/li>\n<\/ul>\n\n\n\n<p class=\"wp-block-paragraph\">Niekt\u00f3re zachowania \u0142atwo odebra\u0107 to jako nadmierne domaganie si\u0119 uwagi, szczeg\u00f3lnie kiedy masz w\u0142asn\u0105 prac\u0119, rodzin\u0119 i obowi\u0105zki. A mo\u017ce za tym zachowaniem stoi po prostu potrzeba cz\u0119stszego kontaktu? Warto zastanowi\u0107 si\u0119, czy ostatnio w \u017cyciu seniora nie uby\u0142o innych relacji i okazji do rozmowy.<\/p>\n\n\n\n<p class=\"wp-block-paragraph\"><strong>Czytaj te\u017c:<\/strong> <a href=\"https:\/\/opiekaseniora.pl\/centrum-wiedzy\/opieka-nad-osobami-starszymi-formy\/\">\u201eNie daj\u0119 ju\u017c rady z opiek\u0105 nad mam\u0105\u201d \u2013 jakie masz inne opcje?<\/a><\/p>\n\n\n\n<figure class=\"wp-block-image size-full\"><img loading=\"lazy\" decoding=\"async\" width=\"1080\" height=\"565\" src=\"https:\/\/opiekaseniora.pl\/centrum-wiedzy\/wp-content\/uploads\/sites\/4\/2026\/09\/Baza-zdjec-na-WP-2026-09-02T162120.514.png\" alt=\"Samotno\u015b\u0107 seniora - jak j\u0105 rozpozna\u0107 i jak pom\u00f3c bliskiej osobie\" class=\"wp-image-2387\" srcset=\"https:\/\/opiekaseniora.pl\/centrum-wiedzy\/wp-content\/uploads\/sites\/4\/2026\/09\/Baza-zdjec-na-WP-2026-09-02T162120.514.png 1080w, https:\/\/opiekaseniora.pl\/centrum-wiedzy\/wp-content\/uploads\/sites\/4\/2026\/09\/Baza-zdjec-na-WP-2026-09-02T162120.514-119x62.png 119w, https:\/\/opiekaseniora.pl\/centrum-wiedzy\/wp-content\/uploads\/sites\/4\/2026\/09\/Baza-zdjec-na-WP-2026-09-02T162120.514-90x47.png 90w, https:\/\/opiekaseniora.pl\/centrum-wiedzy\/wp-content\/uploads\/sites\/4\/2026\/09\/Baza-zdjec-na-WP-2026-09-02T162120.514-319x167.png 319w, https:\/\/opiekaseniora.pl\/centrum-wiedzy\/wp-content\/uploads\/sites\/4\/2026\/09\/Baza-zdjec-na-WP-2026-09-02T162120.514-558x292.png 558w\" sizes=\"auto, (max-width: 1080px) 100vw, 1080px\" \/><figcaption class=\"wp-element-caption\">Przejawy samotno\u015bci, fot. Canva<\/figcaption><\/figure>\n\n\n\n<h2 id=\"samotnosc-seniora-a-depresja\" class=\"wp-block-heading\"><span class=\"ez-toc-section\" id=\"Samotnosc_seniora_a_depresja\"><\/span><strong>Samotno\u015b\u0107 seniora a depresja<\/strong><span class=\"ez-toc-section-end\"><\/span><\/h2>\n\n\n\n<p class=\"wp-block-paragraph\">Samotno\u015b\u0107 nie jest tym samym co depresja, ale mo\u017ce jej towarzyszy\u0107 i nasila\u0107 jej objawy. Z kolei depresja mo\u017ce sprawi\u0107, \u017ce osoba starsza przestaje szuka\u0107 kontaktu, odrzuca zaproszenia i nie ma si\u0142y podtrzymywa\u0107 relacji.<\/p>\n\n\n\n<p class=\"wp-block-paragraph\">Je\u015bli obserwujesz d\u0142ugotrwa\u0142\u0105 utrat\u0119 zainteresowa\u0144, silne poczucie beznadziei, cz\u0119sty smutek, rozdra\u017cnienie, problemy ze snem lub apetytem, nie zak\u0142adaj, \u017ce to \u201ezwyk\u0142a staro\u015b\u0107\u201d lub efekt samotno\u015bci. Taka sytuacja wymaga rozmowy z lekarzem lub specjalist\u0105 zdrowia psychicznego.<\/p>\n\n\n\n<p class=\"wp-block-paragraph\">Depresja u senior\u00f3w nie zawsze daje typowe objawy, ale mo\u017ce by\u0107 r\u00f3wnie powa\u017cna. Je\u015bli chcesz dowiedzie\u0107 si\u0119, jak rozpozna\u0107 jej symptomy u osoby starszej, przeczytaj artyku\u0142 <a href=\"https:\/\/opiekaseniora.pl\/centrum-wiedzy\/depresja-nie-zawsze-oznacza-smutek-jak-zauwazyc-ze-senior-potrzebuje-pomocy\/\">Depresja nie zawsze oznacza smutek \u2013 jak zauwa\u017cy\u0107, \u017ce senior potrzebuje pomocy?<\/a>.<\/p>\n\n\n\n<h2 id=\"jak-mozesz-pomoc-seniorowi\" class=\"wp-block-heading\"><span class=\"ez-toc-section\" id=\"Jak_mozesz_pomoc_seniorowi\"><\/span><strong>Jak mo\u017cesz pom\u00f3c seniorowi?<\/strong><span class=\"ez-toc-section-end\"><\/span><\/h2>\n\n\n\n<p class=\"wp-block-paragraph\">Gdy zauwa\u017casz, \u017ce samotno\u015b\u0107 seniora zaczyna by\u0107 wa\u017cn\u0105 cz\u0119\u015bci\u0105 jego codzienno\u015bci, mo\u017cesz mie\u0107 poczucie, \u017ce od teraz trzeba cz\u0119\u015bciej odwiedza\u0107 tat\u0119, codziennie dzwoni\u0107 do mamy i organizowa\u0107 ka\u017cd\u0105 woln\u0105 chwil\u0119. Takie podej\u015bcie szybko prowadzi\u0142oby jednak do przeci\u0105\u017cenia i nie zawsze odpowiada\u0142oby temu, czego potrzebuje sama osoba starsza.<\/p>\n\n\n\n<p class=\"wp-block-paragraph\">Mo\u017cesz zacz\u0105\u0107 od rozwi\u0105za\u0144, kt\u00f3re rzeczywi\u015bcie pasuj\u0105 do Waszej codzienno\u015bci:<\/p>\n\n\n\n<ul class=\"wp-block-list\">\n<li>ustali\u0107 sta\u0142y dzie\u0144 lub por\u0119 kr\u00f3tkiej rozmowy telefonicznej, je\u015bli mieszkacie daleko od siebie;<\/li>\n\n\n\n<li>zapyta\u0107 seniora, do jakiej dawnej aktywno\u015bci chcia\u0142by wr\u00f3ci\u0107 i czego potrzebuje, \u017ceby by\u0142o to mo\u017cliwe;<\/li>\n\n\n\n<li>pom\u00f3c w utrzymaniu kontaktu z krewnymi, s\u0105siadami lub znajomymi, je\u015bli samodzielne zorganizowanie spotkania jest trudne;<\/li>\n\n\n\n<li>wsp\u00f3lnie sprawdzi\u0107 dost\u0119pne w okolicy zaj\u0119cia lub miejsca, w kt\u00f3rych senior mo\u017ce spotka\u0107 osoby o podobnych zainteresowaniach.<\/li>\n<\/ul>\n\n\n\n<ul class=\"wp-block-list\"><\/ul>\n\n\n\n<p class=\"wp-block-paragraph\">Najwa\u017cniejsze, \u017ceby pomoc nie zamieni\u0142a si\u0119 w plan uk\u0142adany za plecami seniora. Nie ka\u017cda osoba starsza potrzebuje wielu kontakt\u00f3w, dlatego nie chodzi o to, by wype\u0142ni\u0107 jej kalendarz po brzegi. Lepiej poszuka\u0107 relacji i aktywno\u015bci, kt\u00f3re naprawd\u0119 daj\u0105 jej poczucie przynale\u017cno\u015bci.<\/p>\n\n\n\n<figure class=\"wp-block-image size-full\"><img loading=\"lazy\" decoding=\"async\" width=\"1080\" height=\"565\" src=\"https:\/\/opiekaseniora.pl\/centrum-wiedzy\/wp-content\/uploads\/sites\/4\/2026\/09\/Baza-zdjec-na-WP-2026-09-02T161759.667.png\" alt=\"Samotno\u015b\u0107 seniora - jak j\u0105 rozpozna\u0107 i jak pom\u00f3c bliskiej osobie\" class=\"wp-image-2386\" srcset=\"https:\/\/opiekaseniora.pl\/centrum-wiedzy\/wp-content\/uploads\/sites\/4\/2026\/09\/Baza-zdjec-na-WP-2026-09-02T161759.667.png 1080w, https:\/\/opiekaseniora.pl\/centrum-wiedzy\/wp-content\/uploads\/sites\/4\/2026\/09\/Baza-zdjec-na-WP-2026-09-02T161759.667-119x62.png 119w, https:\/\/opiekaseniora.pl\/centrum-wiedzy\/wp-content\/uploads\/sites\/4\/2026\/09\/Baza-zdjec-na-WP-2026-09-02T161759.667-90x47.png 90w, https:\/\/opiekaseniora.pl\/centrum-wiedzy\/wp-content\/uploads\/sites\/4\/2026\/09\/Baza-zdjec-na-WP-2026-09-02T161759.667-319x167.png 319w, https:\/\/opiekaseniora.pl\/centrum-wiedzy\/wp-content\/uploads\/sites\/4\/2026\/09\/Baza-zdjec-na-WP-2026-09-02T161759.667-558x292.png 558w\" sizes=\"auto, (max-width: 1080px) 100vw, 1080px\" \/><figcaption class=\"wp-element-caption\">Aktywizacja seniora, fot. Canva<\/figcaption><\/figure>\n\n\n\n<h2 id=\"kiedy-warto-poszukac-dodatkowego-wsparcia\" class=\"wp-block-heading\"><span class=\"ez-toc-section\" id=\"Kiedy_warto_poszukac_dodatkowego_wsparcia\"><\/span><strong>Kiedy warto poszuka\u0107 dodatkowego wsparcia?<\/strong><span class=\"ez-toc-section-end\"><\/span><\/h2>\n\n\n\n<p class=\"wp-block-paragraph\">Mo\u017cesz wiedzie\u0107, \u017ce tata potrzebuje wi\u0119cej obecno\u015bci, a jednocze\u015bnie nie mie\u0107 mo\u017cliwo\u015bci odwiedzania go ka\u017cdego dnia. Praca, wychowywanie dzieci, w\u0142asne zdrowie albo setki kilometr\u00f3w mi\u0119dzy Waszymi domami nie znikn\u0105 tylko dlatego, \u017ce zauwa\u017cysz samotno\u015b\u0107 bliskiej osoby.<\/p>\n\n\n\n<p class=\"wp-block-paragraph\">Opiekun seniora mo\u017ce pomaga\u0107 osobie starszej w codziennych obowi\u0105zkach, towarzyszy\u0107 podczas spaceru czy wizyty lekarskiej i sp\u0119dza\u0107 z ni\u0105 czas. Nie zast\u0119puje rodziny, przyjaci\u00f3\u0142 ani innych wa\u017cnych relacji, ale mo\u017ce sta\u0107 si\u0119 kolejn\u0105 osob\u0105 obecn\u0105 w codzienno\u015bci seniora.<\/p>\n\n\n\n<p class=\"wp-block-paragraph\">Na opiekaseniora.pl mo\u017cesz nawi\u0105za\u0107 kontakt z opiekunem gotowym wspiera\u0107 osob\u0119 starsz\u0105 dorywczo, regularnie lub ca\u0142odobowo.<\/p>\n\n\n\n<h2 id=\"samotnosc-seniora-nie-zawsze-widac-od-razu-co-warto-zapamietac\" class=\"wp-block-heading\"><span class=\"ez-toc-section\" id=\"Samotnosc_seniora_nie_zawsze_widac_od_razu_%E2%80%93_co_warto_zapamietac\"><\/span><strong>Samotno\u015b\u0107 seniora nie zawsze wida\u0107 od razu &#8211; co warto zapami\u0119ta\u0107?<\/strong><span class=\"ez-toc-section-end\"><\/span><\/h2>\n\n\n\n<p class=\"wp-block-paragraph\">Samotno\u015b\u0107 os\u00f3b starszych ma wiele mo\u017cliwych przyczyn, dlatego nie istnieje jedno rozwi\u0105zanie dobre dla wszystkich. Najwa\u017cniejsze informacje mo\u017cna zebra\u0107 w kilku prostych zasadach:<\/p>\n\n\n\n<ul class=\"wp-block-list\">\n<li>obserwuj przede wszystkim zmiany w dotychczasowym zachowaniu i rytmie dnia seniora;<\/li>\n\n\n\n<li>pami\u0119taj, \u017ce mieszkanie samemu nie oznacza automatycznie samotno\u015bci, a \u017cycie z innymi jej nie wyklucza;<\/li>\n\n\n\n<li>dbaj o regularny i mo\u017cliwy do utrzymania kontakt zamiast opiera\u0107 pomoc wy\u0142\u0105cznie na sporadycznych du\u017cych gestach;<\/li>\n\n\n\n<li>wspieraj relacje seniora tak\u017ce poza rodzin\u0105 i szukaj aktywno\u015bci dopasowanych do jego zainteresowa\u0144 oraz mo\u017cliwo\u015bci;<\/li>\n\n\n\n<li>je\u015bli potrzebuje wi\u0119cej obecno\u015bci, ni\u017c rodzina mo\u017ce zapewni\u0107, rozwa\u017c rozszerzenie kr\u0119gu wsparcia o opiekuna.<\/li>\n<\/ul>\n\n\n\n<p class=\"wp-block-paragraph\">Uwa\u017cno\u015b\u0107 na zmiany, spokojna rozmowa i ma\u0142e, regularne dzia\u0142ania mog\u0105 pom\u00f3c Ci lepiej odpowiedzie\u0107 na potrzeb\u0119 blisko\u015bci osoby starszej.<\/p>\n\n\n\n<h4 id=\"bibliografia\" class=\"wp-block-heading\"><strong>Bibliografia<\/strong><\/h4>\n\n\n\n<ul class=\"wp-block-list\">\n<li>Salari N., Najafi H., Rasoulpoor S. i in., <em>The global prevalence and associated factors of loneliness in older adults: a systematic review and meta-analysis<\/em>, Humanities and Social Sciences Communications, 2025. <a href=\"https:\/\/www.nature.com\/articles\/s41599-025-05304-x?utm_source=chatgpt.com\" rel=\"nofollow\">\u0179r\u00f3d\u0142o &#8211; Nature<\/a><\/li>\n\n\n\n<li>Abedini N.C., Choi H., Wei M.Y., Langa K.M., Chopra V., <em>The Relationship of Loneliness to End-of-Life Experience in Older Americans: A Cohort Study<\/em>, Journal of the American Geriatrics Society, 2020. <a href=\"https:\/\/agsjournals.onlinelibrary.wiley.com\/doi\/10.1111\/jgs.16354?utm_source=chatgpt.com\" rel=\"nofollow\">\u0179r\u00f3d\u0142o &#8211; Wiley Online Library<\/a><\/li>\n<\/ul>\n\n\n\n<p class=\"wp-block-paragraph\"><\/p>\n\n\n\n<p class=\"wp-block-paragraph\"><\/p>\n\n\n\n<p class=\"wp-block-paragraph\"><\/p>\n","protected":false},"excerpt":{"rendered":"<p>Samotno\u015b\u0107 seniora mo\u017ce si\u0119 pog\u0142\u0119bia\u0107, nawet je\u015bli regularnie dzwonisz do swojego bliskiego. Czy wiesz, po czym rozpozna\u0107, \u017ce Twojemu tacie albo babci zaczyna brakowa\u0107 blisko\u015bci i codziennych kontakt\u00f3w? Z tego&hellip;<\/p>\n","protected":false},"author":6,"featured_media":2385,"comment_status":"closed","ping_status":"closed","sticky":false,"template":"","format":"standard","meta":{"footnotes":""},"categories":[1],"tags":[243,334,240,183,181],"powerkit_post_featured":[],"class_list":["post-2384","post","type-post","status-publish","format-standard","has-post-thumbnail","category-zdrowie-bezpieczenstwo","tag-aktywizacja-seniorow","tag-samopoczucie-seniora","tag-samotnosc-osob-starszych","tag-wsparcie-seniora","tag-zdrowie-seniora"],"yoast_head":"<!-- This site is optimized with the Yoast SEO plugin v28.4 - https:\/\/yoast.com\/product\/yoast-seo-wordpress\/ -->\n<title>Samotno\u015b\u0107 seniora - jak j\u0105 rozpozna\u0107 i jak pom\u00f3c bliskiej osobie<\/title>\n<meta name=\"description\" content=\"Samotno\u015b\u0107 seniora mo\u017ce wp\u0142ywa\u0107 na samopoczucie i zdrowie. Sprawd\u017a, jak rozpozna\u0107 sygna\u0142y i wspiera\u0107 blisk\u0105 starsz\u0105 osob\u0119.\" \/>\n<meta name=\"robots\" content=\"index, follow, max-snippet:-1, max-image-preview:large, max-video-preview:-1\" \/>\n<link rel=\"canonical\" href=\"https:\/\/opiekaseniora.pl\/centrum-wiedzy\/samotnosc-moze-wplynac-na-zdrowie-twojego-taty-sprawdz-jak-pomoc-starszej-osobie\/\" \/>\n<meta property=\"og:locale\" content=\"pl_PL\" \/>\n<meta property=\"og:type\" content=\"article\" \/>\n<meta property=\"og:title\" content=\"Samotno\u015b\u0107 seniora - jak j\u0105 rozpozna\u0107 i jak pom\u00f3c bliskiej osobie\" \/>\n<meta property=\"og:description\" content=\"Samotno\u015b\u0107 seniora mo\u017ce wp\u0142ywa\u0107 na samopoczucie i zdrowie. Sprawd\u017a, jak rozpozna\u0107 sygna\u0142y i wspiera\u0107 blisk\u0105 starsz\u0105 osob\u0119.\" \/>\n<meta property=\"og:url\" content=\"https:\/\/opiekaseniora.pl\/centrum-wiedzy\/samotnosc-moze-wplynac-na-zdrowie-twojego-taty-sprawdz-jak-pomoc-starszej-osobie\/\" \/>\n<meta property=\"og:site_name\" content=\"OpiekaSeniora\" \/>\n<meta property=\"article:published_time\" content=\"2026-09-02T14:25:47+00:00\" \/>\n<meta property=\"article:modified_time\" content=\"2026-09-02T14:29:21+00:00\" \/>\n<meta property=\"og:image\" content=\"https:\/\/opiekaseniora.pl\/centrum-wiedzy\/wp-content\/uploads\/sites\/4\/2026\/09\/samotnosc-taty.png\" \/>\n\t<meta property=\"og:image:width\" content=\"700\" \/>\n\t<meta property=\"og:image:height\" content=\"525\" \/>\n\t<meta property=\"og:image:type\" content=\"image\/png\" \/>\n<meta name=\"author\" content=\"Julia \u0141uc\" \/>\n<meta name=\"twitter:card\" content=\"summary_large_image\" \/>\n<meta name=\"twitter:label1\" content=\"Napisane przez\" \/>\n\t<meta name=\"twitter:data1\" content=\"Julia \u0141uc\" \/>\n\t<meta name=\"twitter:label2\" content=\"Szacowany czas czytania\" \/>\n\t<meta name=\"twitter:data2\" content=\"8 minut\" \/>\n<script type=\"application\/ld+json\" class=\"yoast-schema-graph\">{\"@context\":\"https:\\\/\\\/schema.org\",\"@graph\":[{\"@type\":\"Article\",\"@id\":\"https:\\\/\\\/opiekaseniora.pl\\\/centrum-wiedzy\\\/samotnosc-moze-wplynac-na-zdrowie-twojego-taty-sprawdz-jak-pomoc-starszej-osobie\\\/#article\",\"isPartOf\":{\"@id\":\"https:\\\/\\\/opiekaseniora.pl\\\/centrum-wiedzy\\\/samotnosc-moze-wplynac-na-zdrowie-twojego-taty-sprawdz-jak-pomoc-starszej-osobie\\\/\"},\"author\":{\"name\":\"Julia \u0141uc\",\"@id\":\"https:\\\/\\\/opiekaseniora.pl\\\/centrum-wiedzy\\\/#\\\/schema\\\/person\\\/adb96f6c7044d76f9193cf4c31c2d756\"},\"headline\":\"Samotno\u015b\u0107 mo\u017ce wp\u0142yn\u0105\u0107 na zdrowie Twojego taty. Sprawd\u017a, jak pom\u00f3c starszej osobie\",\"datePublished\":\"2026-09-02T14:25:47+00:00\",\"dateModified\":\"2026-09-02T14:29:21+00:00\",\"mainEntityOfPage\":{\"@id\":\"https:\\\/\\\/opiekaseniora.pl\\\/centrum-wiedzy\\\/samotnosc-moze-wplynac-na-zdrowie-twojego-taty-sprawdz-jak-pomoc-starszej-osobie\\\/\"},\"wordCount\":1265,\"image\":{\"@id\":\"https:\\\/\\\/opiekaseniora.pl\\\/centrum-wiedzy\\\/samotnosc-moze-wplynac-na-zdrowie-twojego-taty-sprawdz-jak-pomoc-starszej-osobie\\\/#primaryimage\"},\"thumbnailUrl\":\"https:\\\/\\\/opiekaseniora.pl\\\/centrum-wiedzy\\\/wp-content\\\/uploads\\\/sites\\\/4\\\/2026\\\/09\\\/samotnosc-taty.png\",\"keywords\":[\"aktywizacja senior\u00f3w\",\"samopoczucie seniora\",\"samotno\u015b\u0107 os\u00f3b starszych\",\"wsparcie seniora\",\"zdrowie seniora\"],\"articleSection\":[\"Zdrowie i bezpiecze\u0144stwo\"],\"inLanguage\":\"pl-PL\"},{\"@type\":\"WebPage\",\"@id\":\"https:\\\/\\\/opiekaseniora.pl\\\/centrum-wiedzy\\\/samotnosc-moze-wplynac-na-zdrowie-twojego-taty-sprawdz-jak-pomoc-starszej-osobie\\\/\",\"url\":\"https:\\\/\\\/opiekaseniora.pl\\\/centrum-wiedzy\\\/samotnosc-moze-wplynac-na-zdrowie-twojego-taty-sprawdz-jak-pomoc-starszej-osobie\\\/\",\"name\":\"Samotno\u015b\u0107 seniora - jak j\u0105 rozpozna\u0107 i jak pom\u00f3c bliskiej osobie\",\"isPartOf\":{\"@id\":\"https:\\\/\\\/opiekaseniora.pl\\\/centrum-wiedzy\\\/#website\"},\"primaryImageOfPage\":{\"@id\":\"https:\\\/\\\/opiekaseniora.pl\\\/centrum-wiedzy\\\/samotnosc-moze-wplynac-na-zdrowie-twojego-taty-sprawdz-jak-pomoc-starszej-osobie\\\/#primaryimage\"},\"image\":{\"@id\":\"https:\\\/\\\/opiekaseniora.pl\\\/centrum-wiedzy\\\/samotnosc-moze-wplynac-na-zdrowie-twojego-taty-sprawdz-jak-pomoc-starszej-osobie\\\/#primaryimage\"},\"thumbnailUrl\":\"https:\\\/\\\/opiekaseniora.pl\\\/centrum-wiedzy\\\/wp-content\\\/uploads\\\/sites\\\/4\\\/2026\\\/09\\\/samotnosc-taty.png\",\"datePublished\":\"2026-09-02T14:25:47+00:00\",\"dateModified\":\"2026-09-02T14:29:21+00:00\",\"author\":{\"@id\":\"https:\\\/\\\/opiekaseniora.pl\\\/centrum-wiedzy\\\/#\\\/schema\\\/person\\\/adb96f6c7044d76f9193cf4c31c2d756\"},\"description\":\"Samotno\u015b\u0107 seniora mo\u017ce wp\u0142ywa\u0107 na samopoczucie i zdrowie. Sprawd\u017a, jak rozpozna\u0107 sygna\u0142y i wspiera\u0107 blisk\u0105 starsz\u0105 osob\u0119.\",\"breadcrumb\":{\"@id\":\"https:\\\/\\\/opiekaseniora.pl\\\/centrum-wiedzy\\\/samotnosc-moze-wplynac-na-zdrowie-twojego-taty-sprawdz-jak-pomoc-starszej-osobie\\\/#breadcrumb\"},\"inLanguage\":\"pl-PL\",\"potentialAction\":[{\"@type\":\"ReadAction\",\"target\":[\"https:\\\/\\\/opiekaseniora.pl\\\/centrum-wiedzy\\\/samotnosc-moze-wplynac-na-zdrowie-twojego-taty-sprawdz-jak-pomoc-starszej-osobie\\\/\"]}]},{\"@type\":\"ImageObject\",\"inLanguage\":\"pl-PL\",\"@id\":\"https:\\\/\\\/opiekaseniora.pl\\\/centrum-wiedzy\\\/samotnosc-moze-wplynac-na-zdrowie-twojego-taty-sprawdz-jak-pomoc-starszej-osobie\\\/#primaryimage\",\"url\":\"https:\\\/\\\/opiekaseniora.pl\\\/centrum-wiedzy\\\/wp-content\\\/uploads\\\/sites\\\/4\\\/2026\\\/09\\\/samotnosc-taty.png\",\"contentUrl\":\"https:\\\/\\\/opiekaseniora.pl\\\/centrum-wiedzy\\\/wp-content\\\/uploads\\\/sites\\\/4\\\/2026\\\/09\\\/samotnosc-taty.png\",\"width\":700,\"height\":525,\"caption\":\"Samotno\u015b\u0107 seniora - jak j\u0105 rozpozna\u0107 i jak pom\u00f3c bliskiej osobie\"},{\"@type\":\"BreadcrumbList\",\"@id\":\"https:\\\/\\\/opiekaseniora.pl\\\/centrum-wiedzy\\\/samotnosc-moze-wplynac-na-zdrowie-twojego-taty-sprawdz-jak-pomoc-starszej-osobie\\\/#breadcrumb\",\"itemListElement\":[{\"@type\":\"ListItem\",\"position\":1,\"name\":\"Strona g\u0142\u00f3wna\",\"item\":\"https:\\\/\\\/opiekaseniora.pl\\\/centrum-wiedzy\\\/\"},{\"@type\":\"ListItem\",\"position\":2,\"name\":\"Zdrowie i bezpiecze\u0144stwo\",\"item\":\"https:\\\/\\\/opiekaseniora.pl\\\/centrum-wiedzy\\\/zdrowie-bezpieczenstwo\\\/\"},{\"@type\":\"ListItem\",\"position\":3,\"name\":\"Samotno\u015b\u0107 mo\u017ce wp\u0142yn\u0105\u0107 na zdrowie Twojego taty. Sprawd\u017a, jak pom\u00f3c starszej osobie\"}]},{\"@type\":\"WebSite\",\"@id\":\"https:\\\/\\\/opiekaseniora.pl\\\/centrum-wiedzy\\\/#website\",\"url\":\"https:\\\/\\\/opiekaseniora.pl\\\/centrum-wiedzy\\\/\",\"name\":\"OpiekaSeniora\",\"description\":\"\",\"potentialAction\":[{\"@type\":\"SearchAction\",\"target\":{\"@type\":\"EntryPoint\",\"urlTemplate\":\"https:\\\/\\\/opiekaseniora.pl\\\/centrum-wiedzy\\\/?s={search_term_string}\"},\"query-input\":{\"@type\":\"PropertyValueSpecification\",\"valueRequired\":true,\"valueName\":\"search_term_string\"}}],\"inLanguage\":\"pl-PL\"},{\"@type\":\"Person\",\"@id\":\"https:\\\/\\\/opiekaseniora.pl\\\/centrum-wiedzy\\\/#\\\/schema\\\/person\\\/adb96f6c7044d76f9193cf4c31c2d756\",\"name\":\"Julia \u0141uc\",\"image\":{\"@type\":\"ImageObject\",\"inLanguage\":\"pl-PL\",\"@id\":\"https:\\\/\\\/opiekaseniora.pl\\\/centrum-wiedzy\\\/wp-content\\\/uploads\\\/sites\\\/4\\\/2026\\\/05\\\/Projekt-bez-nazwy-13-96x96.png\",\"url\":\"https:\\\/\\\/opiekaseniora.pl\\\/centrum-wiedzy\\\/wp-content\\\/uploads\\\/sites\\\/4\\\/2026\\\/05\\\/Projekt-bez-nazwy-13-96x96.png\",\"contentUrl\":\"https:\\\/\\\/opiekaseniora.pl\\\/centrum-wiedzy\\\/wp-content\\\/uploads\\\/sites\\\/4\\\/2026\\\/05\\\/Projekt-bez-nazwy-13-96x96.png\",\"caption\":\"Julia \u0141uc\"},\"description\":\"Magister zarz\u0105dzania mediami, od wielu lat zawodowo zwi\u0105zana z marketingiem i komunikacj\u0105 w social mediach. Do\u015bwiadczenie zdobywa\u0142a, realizuj\u0105c projekty promocyjne i wizerunkowe oraz wsp\u00f3\u0142tworz\u0105c wydarzenia bran\u017cowe. Przyk\u0142adem s\u0105 Mi\u0119dzynarodowe Targi Rehabilitacji w Krakowie, kt\u00f3re pozwoli\u0142y jej jeszcze lepiej pozna\u0107 \u015brodowisko zwi\u0105zane ze zdrowiem, rehabilitacj\u0105 i wsparciem os\u00f3b wymagaj\u0105cych opieki. W swojej pracy \u0142\u0105czy wiedz\u0119 o komunikacji z tematyk\u0105 spo\u0142eczn\u0105 i zdrowotn\u0105, tworz\u0105c tre\u015bci przyst\u0119pne i odpowiadaj\u0105ce na realne potrzeby odbiorc\u00f3w. Temat opieki nad osob\u0105 starsz\u0105 zna r\u00f3wnie\u017c z w\u0142asnego do\u015bwiadczenia, co przek\u0142ada si\u0119 na wi\u0119ksz\u0105 uwa\u017cno\u015b\u0107, empati\u0119 i praktyczne podej\u015bcie do poruszanych zagadnie\u0144.\",\"url\":\"https:\\\/\\\/opiekaseniora.pl\\\/centrum-wiedzy\\\/author\\\/jluc\\\/\"}]}<\/script>\n<!-- \/ Yoast SEO plugin. -->","yoast_head_json":{"title":"Samotno\u015b\u0107 seniora - jak j\u0105 rozpozna\u0107 i jak pom\u00f3c bliskiej osobie","description":"Samotno\u015b\u0107 seniora mo\u017ce wp\u0142ywa\u0107 na samopoczucie i zdrowie. Sprawd\u017a, jak rozpozna\u0107 sygna\u0142y i wspiera\u0107 blisk\u0105 starsz\u0105 osob\u0119.","robots":{"index":"index","follow":"follow","max-snippet":"max-snippet:-1","max-image-preview":"max-image-preview:large","max-video-preview":"max-video-preview:-1"},"canonical":"https:\/\/opiekaseniora.pl\/centrum-wiedzy\/samotnosc-moze-wplynac-na-zdrowie-twojego-taty-sprawdz-jak-pomoc-starszej-osobie\/","og_locale":"pl_PL","og_type":"article","og_title":"Samotno\u015b\u0107 seniora - jak j\u0105 rozpozna\u0107 i jak pom\u00f3c bliskiej osobie","og_description":"Samotno\u015b\u0107 seniora mo\u017ce wp\u0142ywa\u0107 na samopoczucie i zdrowie. Sprawd\u017a, jak rozpozna\u0107 sygna\u0142y i wspiera\u0107 blisk\u0105 starsz\u0105 osob\u0119.","og_url":"https:\/\/opiekaseniora.pl\/centrum-wiedzy\/samotnosc-moze-wplynac-na-zdrowie-twojego-taty-sprawdz-jak-pomoc-starszej-osobie\/","og_site_name":"OpiekaSeniora","article_published_time":"2026-09-02T14:25:47+00:00","article_modified_time":"2026-09-02T14:29:21+00:00","og_image":[{"width":700,"height":525,"url":"https:\/\/opiekaseniora.pl\/centrum-wiedzy\/wp-content\/uploads\/sites\/4\/2026\/09\/samotnosc-taty.png","type":"image\/png"}],"author":"Julia \u0141uc","twitter_card":"summary_large_image","twitter_misc":{"Napisane przez":"Julia \u0141uc","Szacowany czas czytania":"8 minut"},"schema":{"@context":"https:\/\/schema.org","@graph":[{"@type":"Article","@id":"https:\/\/opiekaseniora.pl\/centrum-wiedzy\/samotnosc-moze-wplynac-na-zdrowie-twojego-taty-sprawdz-jak-pomoc-starszej-osobie\/#article","isPartOf":{"@id":"https:\/\/opiekaseniora.pl\/centrum-wiedzy\/samotnosc-moze-wplynac-na-zdrowie-twojego-taty-sprawdz-jak-pomoc-starszej-osobie\/"},"author":{"name":"Julia \u0141uc","@id":"https:\/\/opiekaseniora.pl\/centrum-wiedzy\/#\/schema\/person\/adb96f6c7044d76f9193cf4c31c2d756"},"headline":"Samotno\u015b\u0107 mo\u017ce wp\u0142yn\u0105\u0107 na zdrowie Twojego taty. Sprawd\u017a, jak pom\u00f3c starszej osobie","datePublished":"2026-09-02T14:25:47+00:00","dateModified":"2026-09-02T14:29:21+00:00","mainEntityOfPage":{"@id":"https:\/\/opiekaseniora.pl\/centrum-wiedzy\/samotnosc-moze-wplynac-na-zdrowie-twojego-taty-sprawdz-jak-pomoc-starszej-osobie\/"},"wordCount":1265,"image":{"@id":"https:\/\/opiekaseniora.pl\/centrum-wiedzy\/samotnosc-moze-wplynac-na-zdrowie-twojego-taty-sprawdz-jak-pomoc-starszej-osobie\/#primaryimage"},"thumbnailUrl":"https:\/\/opiekaseniora.pl\/centrum-wiedzy\/wp-content\/uploads\/sites\/4\/2026\/09\/samotnosc-taty.png","keywords":["aktywizacja senior\u00f3w","samopoczucie seniora","samotno\u015b\u0107 os\u00f3b starszych","wsparcie seniora","zdrowie seniora"],"articleSection":["Zdrowie i bezpiecze\u0144stwo"],"inLanguage":"pl-PL"},{"@type":"WebPage","@id":"https:\/\/opiekaseniora.pl\/centrum-wiedzy\/samotnosc-moze-wplynac-na-zdrowie-twojego-taty-sprawdz-jak-pomoc-starszej-osobie\/","url":"https:\/\/opiekaseniora.pl\/centrum-wiedzy\/samotnosc-moze-wplynac-na-zdrowie-twojego-taty-sprawdz-jak-pomoc-starszej-osobie\/","name":"Samotno\u015b\u0107 seniora - jak j\u0105 rozpozna\u0107 i jak pom\u00f3c bliskiej osobie","isPartOf":{"@id":"https:\/\/opiekaseniora.pl\/centrum-wiedzy\/#website"},"primaryImageOfPage":{"@id":"https:\/\/opiekaseniora.pl\/centrum-wiedzy\/samotnosc-moze-wplynac-na-zdrowie-twojego-taty-sprawdz-jak-pomoc-starszej-osobie\/#primaryimage"},"image":{"@id":"https:\/\/opiekaseniora.pl\/centrum-wiedzy\/samotnosc-moze-wplynac-na-zdrowie-twojego-taty-sprawdz-jak-pomoc-starszej-osobie\/#primaryimage"},"thumbnailUrl":"https:\/\/opiekaseniora.pl\/centrum-wiedzy\/wp-content\/uploads\/sites\/4\/2026\/09\/samotnosc-taty.png","datePublished":"2026-09-02T14:25:47+00:00","dateModified":"2026-09-02T14:29:21+00:00","author":{"@id":"https:\/\/opiekaseniora.pl\/centrum-wiedzy\/#\/schema\/person\/adb96f6c7044d76f9193cf4c31c2d756"},"description":"Samotno\u015b\u0107 seniora mo\u017ce wp\u0142ywa\u0107 na samopoczucie i zdrowie. Sprawd\u017a, jak rozpozna\u0107 sygna\u0142y i wspiera\u0107 blisk\u0105 starsz\u0105 osob\u0119.","breadcrumb":{"@id":"https:\/\/opiekaseniora.pl\/centrum-wiedzy\/samotnosc-moze-wplynac-na-zdrowie-twojego-taty-sprawdz-jak-pomoc-starszej-osobie\/#breadcrumb"},"inLanguage":"pl-PL","potentialAction":[{"@type":"ReadAction","target":["https:\/\/opiekaseniora.pl\/centrum-wiedzy\/samotnosc-moze-wplynac-na-zdrowie-twojego-taty-sprawdz-jak-pomoc-starszej-osobie\/"]}]},{"@type":"ImageObject","inLanguage":"pl-PL","@id":"https:\/\/opiekaseniora.pl\/centrum-wiedzy\/samotnosc-moze-wplynac-na-zdrowie-twojego-taty-sprawdz-jak-pomoc-starszej-osobie\/#primaryimage","url":"https:\/\/opiekaseniora.pl\/centrum-wiedzy\/wp-content\/uploads\/sites\/4\/2026\/09\/samotnosc-taty.png","contentUrl":"https:\/\/opiekaseniora.pl\/centrum-wiedzy\/wp-content\/uploads\/sites\/4\/2026\/09\/samotnosc-taty.png","width":700,"height":525,"caption":"Samotno\u015b\u0107 seniora - jak j\u0105 rozpozna\u0107 i jak pom\u00f3c bliskiej osobie"},{"@type":"BreadcrumbList","@id":"https:\/\/opiekaseniora.pl\/centrum-wiedzy\/samotnosc-moze-wplynac-na-zdrowie-twojego-taty-sprawdz-jak-pomoc-starszej-osobie\/#breadcrumb","itemListElement":[{"@type":"ListItem","position":1,"name":"Strona g\u0142\u00f3wna","item":"https:\/\/opiekaseniora.pl\/centrum-wiedzy\/"},{"@type":"ListItem","position":2,"name":"Zdrowie i bezpiecze\u0144stwo","item":"https:\/\/opiekaseniora.pl\/centrum-wiedzy\/zdrowie-bezpieczenstwo\/"},{"@type":"ListItem","position":3,"name":"Samotno\u015b\u0107 mo\u017ce wp\u0142yn\u0105\u0107 na zdrowie Twojego taty. Sprawd\u017a, jak pom\u00f3c starszej osobie"}]},{"@type":"WebSite","@id":"https:\/\/opiekaseniora.pl\/centrum-wiedzy\/#website","url":"https:\/\/opiekaseniora.pl\/centrum-wiedzy\/","name":"OpiekaSeniora","description":"","potentialAction":[{"@type":"SearchAction","target":{"@type":"EntryPoint","urlTemplate":"https:\/\/opiekaseniora.pl\/centrum-wiedzy\/?s={search_term_string}"},"query-input":{"@type":"PropertyValueSpecification","valueRequired":true,"valueName":"search_term_string"}}],"inLanguage":"pl-PL"},{"@type":"Person","@id":"https:\/\/opiekaseniora.pl\/centrum-wiedzy\/#\/schema\/person\/adb96f6c7044d76f9193cf4c31c2d756","name":"Julia \u0141uc","image":{"@type":"ImageObject","inLanguage":"pl-PL","@id":"https:\/\/opiekaseniora.pl\/centrum-wiedzy\/wp-content\/uploads\/sites\/4\/2026\/05\/Projekt-bez-nazwy-13-96x96.png","url":"https:\/\/opiekaseniora.pl\/centrum-wiedzy\/wp-content\/uploads\/sites\/4\/2026\/05\/Projekt-bez-nazwy-13-96x96.png","contentUrl":"https:\/\/opiekaseniora.pl\/centrum-wiedzy\/wp-content\/uploads\/sites\/4\/2026\/05\/Projekt-bez-nazwy-13-96x96.png","caption":"Julia \u0141uc"},"description":"Magister zarz\u0105dzania mediami, od wielu lat zawodowo zwi\u0105zana z marketingiem i komunikacj\u0105 w social mediach. Do\u015bwiadczenie zdobywa\u0142a, realizuj\u0105c projekty promocyjne i wizerunkowe oraz wsp\u00f3\u0142tworz\u0105c wydarzenia bran\u017cowe. Przyk\u0142adem s\u0105 Mi\u0119dzynarodowe Targi Rehabilitacji w Krakowie, kt\u00f3re pozwoli\u0142y jej jeszcze lepiej pozna\u0107 \u015brodowisko zwi\u0105zane ze zdrowiem, rehabilitacj\u0105 i wsparciem os\u00f3b wymagaj\u0105cych opieki. W swojej pracy \u0142\u0105czy wiedz\u0119 o komunikacji z tematyk\u0105 spo\u0142eczn\u0105 i zdrowotn\u0105, tworz\u0105c tre\u015bci przyst\u0119pne i odpowiadaj\u0105ce na realne potrzeby odbiorc\u00f3w. Temat opieki nad osob\u0105 starsz\u0105 zna r\u00f3wnie\u017c z w\u0142asnego do\u015bwiadczenia, co przek\u0142ada si\u0119 na wi\u0119ksz\u0105 uwa\u017cno\u015b\u0107, empati\u0119 i praktyczne podej\u015bcie do poruszanych zagadnie\u0144.","url":"https:\/\/opiekaseniora.pl\/centrum-wiedzy\/author\/jluc\/"}]}},"_links":{"self":[{"href":"https:\/\/opiekaseniora.pl\/centrum-wiedzy\/wp-json\/wp\/v2\/posts\/2384","targetHints":{"allow":["GET"]}}],"collection":[{"href":"https:\/\/opiekaseniora.pl\/centrum-wiedzy\/wp-json\/wp\/v2\/posts"}],"about":[{"href":"https:\/\/opiekaseniora.pl\/centrum-wiedzy\/wp-json\/wp\/v2\/types\/post"}],"author":[{"embeddable":true,"href":"https:\/\/opiekaseniora.pl\/centrum-wiedzy\/wp-json\/wp\/v2\/users\/6"}],"replies":[{"embeddable":true,"href":"https:\/\/opiekaseniora.pl\/centrum-wiedzy\/wp-json\/wp\/v2\/comments?post=2384"}],"version-history":[{"count":5,"href":"https:\/\/opiekaseniora.pl\/centrum-wiedzy\/wp-json\/wp\/v2\/posts\/2384\/revisions"}],"predecessor-version":[{"id":2394,"href":"https:\/\/opiekaseniora.pl\/centrum-wiedzy\/wp-json\/wp\/v2\/posts\/2384\/revisions\/2394"}],"wp:featuredmedia":[{"embeddable":true,"href":"https:\/\/opiekaseniora.pl\/centrum-wiedzy\/wp-json\/wp\/v2\/media\/2385"}],"wp:attachment":[{"href":"https:\/\/opiekaseniora.pl\/centrum-wiedzy\/wp-json\/wp\/v2\/media?parent=2384"}],"wp:term":[{"taxonomy":"category","embeddable":true,"href":"https:\/\/opiekaseniora.pl\/centrum-wiedzy\/wp-json\/wp\/v2\/categories?post=2384"},{"taxonomy":"post_tag","embeddable":true,"href":"https:\/\/opiekaseniora.pl\/centrum-wiedzy\/wp-json\/wp\/v2\/tags?post=2384"},{"taxonomy":"powerkit_post_featured","embeddable":true,"href":"https:\/\/opiekaseniora.pl\/centrum-wiedzy\/wp-json\/wp\/v2\/powerkit_post_featured?post=2384"}],"curies":[{"name":"wp","href":"https:\/\/api.w.org\/{rel}","templated":true}]}}